{"id":98,"date":"2016-03-09T19:51:02","date_gmt":"2016-03-09T22:51:02","guid":{"rendered":"http:\/\/clusterciar.com.ar\/wp\/?p=98"},"modified":"2016-03-09T19:51:02","modified_gmt":"2016-03-09T22:51:02","slug":"provincia-y-municipio-acuerdan-la-creacion-de-tecnicaturas-vinculadas-a-las-tecnologias","status":"publish","type":"post","link":"http:\/\/ccnews.com.ar\/prensa\/provincia-y-municipio-acuerdan-la-creacion-de-tecnicaturas-vinculadas-a-las-tecnologias\/","title":{"rendered":"Provincia y municipio acuerdan la creaci\u00f3n de tecnicaturas vinculadas a las tecnolog\u00edas"},"content":{"rendered":"<p class=\"resumen\"><strong>Bonfatti y Fein, junto a autoridades del Polo Tecnol\u00f3gico Rosario, formalizaron el convenio para la implementaci\u00f3n de carreras aplicadas al desarrollo inform\u00e1tico y telecomunicaciones, entre otras.<\/strong><\/p>\n<p class=\"resumen\">El viernes 27 de febrero, frente a un auditorio integrado por empresarios, docentes y funcionarios, la intendenta M\u00f3nica Fein, el gobernador Antonio Bonfatti y el presidente del Polo Tecnol\u00f3gico local, Ra\u00fal Siri, firmaron un convenio de colaboraci\u00f3n para la creaci\u00f3n de tecnicaturas a nivel superior vinculadas a las tecnolog\u00edas. Estas carreras de grado ser\u00e1n ofrecidas por la Escuela N\u00ba 49 General Urquiza y se dictar\u00e1n en el \u00c1rea Tecnol\u00f3gica Nodo Rosario, cuyas instalaciones se encuentran en plena ejecuci\u00f3n en un sector del ex Batall\u00f3n de Comunicaciones 121 (Ayacucho y Guti\u00e9rrez).<\/p>\n<p><a class=\"item fancybox cycle-slide cycle-sentinel\" title=\"Firma convenio con Polo Tecnol\u00f3gico\" href=\"http:\/\/www.rosarionoticias.gob.ar\/popup\/imagen.php?id=23094&amp;parent=23121\" data-cycle-title=\"Firma convenio con Polo Tecnol\u00f3gico\" data-cycle-desc=\"Dir. Gral. de Comunicaci\u00f3n Social (Silvio Moriconi)\" data-fancybox-type=\"iframe\" data-fancybox-group=\"grupo\" data-fancybox-width=\"960\"><img loading=\"lazy\" decoding=\"async\" class=\"alignleft\" src=\"http:\/\/www.rosarionoticias.gob.ar\/library\/timthumb\/timthumb.php?src=\/uploads\/fotos\/p19f5t7svp1l21heu1eok6761sa66.jpg&amp;h=416&amp;w=624&amp;zc=1\" alt=\"\" width=\"319\" height=\"229\" \/><\/a>En la oportunidad, y en referencia a los trabajos que se realizan en las edificaciones que albergar\u00e1n el \u00c1rea Teconol\u00f3gica, Bonfatti destac\u00f3 \u201cla labor mancomunada con el Polo Tecnol\u00f3gico, cuando en el 2011 comenzamos a so\u00f1ar que el Polo ten\u00eda que tener un lugar en la ciudad, donde puedan compartir las empresas espacios comunes y muchas cosas m\u00e1s, y ac\u00e1 nos ven, en este edificio que pr\u00e1cticamente para fines de mayo o principio de junio est\u00e1 terminado&#8221;, en tanto adelant\u00f3 que en ese tiempo &#8220;se podr\u00e1n establecer las primeras empresas&#8221;.<\/p>\n<p>Asimismo, el gobernador hizo un repaso de las distintas obras planificadas para el emblem\u00e1tico predio de 30 hect\u00e1reas de la zona sur de la ciudad, y resalt\u00f3 &#8220;el Museo del Deporte, un espacio interactivo de los mejores del numdo; la propuesta urban\u00edstica para el \u00e1rea residencial, que involucra 1.400 departamentos alrededor del parque con sectores comerciales\u201d, la par que dedic\u00f3 especial atenci\u00f3n al proyecto de erradicaci\u00f3n del Cord\u00f3n Ayacucho &#8220;que significa darle dignidad a la gente que vive aqu\u00ed cerquita&#8221;, asever\u00f3.<\/p>\n<p>En relaci\u00f3n al convenio y a las propuestas educativas y de formaci\u00f3n, Bonfatti manifest\u00f3 que &#8220;a las m\u00e1s de 60 carreras que se dictan en todo el territorio provincial entre profesorados y tecnicaturas, hemos sumado otras 33&#8221; y, entre ellas, hizo menci\u00f3n a instancias educativas que se sumaron en nuestra ciudad: \u201cTurismo, Gesti\u00f3n Gastron\u00f3mica y Hoteler\u00eda; Enfermer\u00eda, y Gesti\u00f3n y mantenimiento de equipamiento biom\u00e9dico, que tiene que ver con la escuela N\u00ba 407 Pocho Lepratti que se inaugurar\u00e1 la semana pr\u00f3xima, donde los j\u00f3venes que terminen el secundario all\u00ed podr\u00e1n acceder a algo que no existe en la regi\u00f3n\u201d, asegur\u00f3.<br \/>\nLuego, el gobernador agradeci\u00f3 el apoyo y el aporte &#8220;para la materializaci\u00f3n de esta obra&#8221; de la Municipalidad, de los empresarios, de funcionarios y responsables de las distintas secretar\u00edas involucradas, y design\u00f3 la zona que se est\u00e1 interviniendo como &#8220;un espacio de integraci\u00f3n, creatividad, de seguir so\u00f1ando y de la articulaci\u00f3n de lo p\u00fablico con lo privado\u201d.<\/p>\n<p><strong><em>Leer tambi\u00e9n: \u00a0<a href=\"http:\/\/clusterciar.com.ar\/wp\/potenciar-educacion-superior-amplia-su-oferta-academica\/\">Potenciar Educaci\u00f3n Superior ampl\u00eda su oferta\u00a0Acad\u00e9mica\u00a0<\/a><\/em><\/strong><\/p>\n<p><iframe loading=\"lazy\" src=\"https:\/\/www.youtube.com\/embed\/LUdcTRNe5KI\" width=\"600\" height=\"355\" frameborder=\"0\" allowfullscreen=\"allowfullscreen\"><\/iframe><\/p>\n<h3><strong>El principio de un sue\u00f1o<\/strong><\/h3>\n<p>Ra\u00fal Siri refiri\u00f3 que el proyecto de tecnicaturas \u201ces el principio de un sue\u00f1o, a partir del que\u00a0se puede ir construyendo la formaci\u00f3n en ciencia, tecnolog\u00eda\u00a0e innovaci\u00f3n de chicos de la ciudad y en particular del barrio que estamos tratando de integrar, derribando los muros que nos rodean ahora\u201d, expres\u00f3.<\/p>\n<p>El titular del Polo se\u00f1al\u00f3 que ellos vienen trabajando desde hace m\u00e1s de 10 a\u00f1os \u201cen la formaci\u00f3n de t\u00e9cnicos e\u00a0ingenieros con muy alta calificaci\u00f3n. Especialmente orientados a software, donde ya formamos a m\u00e1s de 1.700 profesionales\u201d.<\/p>\n<p>Finalmente, Siri agradeci\u00f3 que, en el marco del plan de reconversi\u00f3n del predio del ex Batall\u00f3n de Comunicaciones 121, haya sido\u00a0el \u00c1rea Tecnol\u00f3gica el primer lugar donde comenzaron estas obras.<\/p>\n<h3><strong>El convenio<\/strong><\/h3>\n<p>El convenio marco que la Provincia formaliz\u00f3 junto al municipio y el Polo Tecnol\u00f3gico Rosario plantea la creaci\u00f3n de tecnicaturas a nivel superior vinculadas a las tecnolog\u00edas\u00a0que\u00a0ser\u00e1n ofrecidas por la Escuela\u00a0Superior de Comercio N\u00ba 49 General Urquiza, y se dictar\u00e1n en\u00a0el \u00c1rea Tecnol\u00f3gica Nodo Rosario.<\/p>\n<p>Con la formalizaci\u00f3n de este convenio se persigue \u201cpromover la educaci\u00f3n tecnol\u00f3gica en estrecha vinculaci\u00f3n con el entramado de empresas de base tecnol\u00f3gica y centros de conocimiento que integran el Polo Tecnol\u00f3gico, propiciando el desarrollo de capacidades humanas t\u00e9cnico-profesionales, la inserci\u00f3n de j\u00f3venes en empresas de la regi\u00f3n, la generaci\u00f3n de empleos de calidad y la creaci\u00f3n de emprendimientos innovadores que aporten a la dinamizaci\u00f3n de la zona sur de la ciudad de Rosario, en el marco de las pol\u00edticas p\u00fablicas del Plan Abre&#8221;, expresa el acuerdo en uno de sus puntos.<\/p>\n<p>Estas tecnicaturas superiores estar\u00e1n relacionadas con las nuevas tecnolog\u00edas aplicadas al desarrollo inform\u00e1tico, de telecomunicaciones, ingenier\u00eda y electr\u00f3nica, entre otras.<\/p>\n<p>El lanzamiento de la propuesta cont\u00f3 adem\u00e1s con la presencia de la ministra de Educaci\u00f3n, Claudia Balagu\u00e9; el secretario de Estado de Ciencia, Tecnolog\u00eda e Innovaci\u00f3n, David Asteggiano; la secretaria de Producci\u00f3n municipal, Eleonora Scagliotti; el diputado nacional Hermes Binner; el decano de la Facultad de Ciencias Exactas, Ingenier\u00eda y Agrimensura de la UNR, Oscar Peire, la rectora de la Escuela Superior de Comercio N\u00ba 49 General Urquiza, Adriana Estela Duran; entre otras autoridades del gobierno local y provincial.<\/p>\n<p>FUENTE: MR Noticias<\/p>\n<hr \/>\n<p>Tambi\u00e9n te puede interesar:<\/p>\n<p><strong><em>\u00a0<\/em><\/strong><strong><em><a href=\"https:\/\/i0.wp.com\/clusterciar.com.ar\/wp\/wp-content\/uploads\/2016\/03\/tecnicaturas.jpg\" rel=\"attachment wp-att-333\"><img data-recalc-dims=\"1\" loading=\"lazy\" decoding=\"async\" class=\"size-medium wp-image-333 alignleft\" src=\"https:\/\/i0.wp.com\/clusterciar.com.ar\/wp\/wp-content\/uploads\/2016\/03\/tecnicaturas-300x100.jpg?resize=300%2C100\" alt=\"tecnicaturas\" width=\"300\" height=\"100\" \/><\/a><\/em><\/strong><\/p>\n<p><strong><em><a href=\"http:\/\/clusterciar.com.ar\/wp\/potenciar-educacion-superior-amplia-su-oferta-academica\/\">Potenciar Educaci\u00f3n Superior ampl\u00eda su oferta\u00a0Acad\u00e9mica\u00a0<\/a><\/em><\/strong><\/p>\n<!-- AddThis Advanced Settings generic via filter on the_content -->","protected":false},"excerpt":{"rendered":"<p>Bonfatti y Fein, junto a autoridades del Polo Tecnol\u00f3gico Rosario, formalizaron el convenio para la implementaci\u00f3n de carreras aplicadas al<!-- AddThis Advanced Settings generic via filter on get_the_excerpt --><\/p>\n","protected":false},"author":2,"featured_media":307,"comment_status":"closed","ping_status":"open","sticky":false,"template":"","format":"standard","meta":{"colormag_page_container_layout":"default_layout","colormag_page_sidebar_layout":"default_layout","jetpack_post_was_ever_published":false,"_jetpack_newsletter_access":"","_jetpack_dont_email_post_to_subs":false,"_jetpack_newsletter_tier_id":0,"_jetpack_memberships_contains_paywalled_content":false,"_jetpack_memberships_contains_paid_content":false,"footnotes":"","jetpack_publicize_message":"","jetpack_publicize_feature_enabled":true,"jetpack_social_post_already_shared":false,"jetpack_social_options":{"image_generator_settings":{"template":"highway","default_image_id":0,"font":"","enabled":false},"version":2}},"categories":[19],"tags":[17],"class_list":["post-98","post","type-post","status-publish","format-standard","has-post-thumbnail","hentry","category-educacion-sociedad","tag-otros-medios"],"jetpack_publicize_connections":[],"jetpack_featured_media_url":"","jetpack_shortlink":"https:\/\/wp.me\/p7L1gj-1A","jetpack-related-posts":[{"id":3061,"url":"http:\/\/ccnews.com.ar\/prensa\/48-empleados-de-minera-alumbrera-completaron-la-tecnicatura-universitaria-en-mina-en-el-yacimiento\/","url_meta":{"origin":98,"position":0},"title":"48 empleados de Minera Alumbrera completaron la Tecnicatura Universitaria en Mina en el yacimiento","author":"CLUSTERciar","date":"8 febrero, 2017","format":false,"excerpt":"En el d\u00eda de la fecha, 48 empleados de Minera Alumbrera celebraron la colaci\u00f3n de grado de la Tecnicatura Universitaria en Mina. Mediante un convenio entre la empresa y la Universidad Nacional de Catamarca, los trabajadores cursaron la carrera a 2.600 metros de altura durante tres a\u00f1os. Todos los alumnos\u2026","rel":"","context":"En \u00abEducaci\u00f3n\/Sociedad\u00bb","block_context":{"text":"Educaci\u00f3n\/Sociedad","link":"http:\/\/ccnews.com.ar\/prensa\/category\/educacion-sociedad\/"},"img":{"alt_text":"","src":"https:\/\/i0.wp.com\/ccnews.com.ar\/prensa\/wp-content\/uploads\/2017\/01\/alumbrera1-660x330.jpg?fit=660%2C330&resize=350%2C200","width":350,"height":200,"srcset":"https:\/\/i0.wp.com\/ccnews.com.ar\/prensa\/wp-content\/uploads\/2017\/01\/alumbrera1-660x330.jpg?fit=660%2C330&resize=350%2C200 1x, https:\/\/i0.wp.com\/ccnews.com.ar\/prensa\/wp-content\/uploads\/2017\/01\/alumbrera1-660x330.jpg?fit=660%2C330&resize=525%2C300 1,5x"},"classes":[]},{"id":8055,"url":"http:\/\/ccnews.com.ar\/prensa\/las-ventajas-de-empezar-una-carrera-en-agosto\/","url_meta":{"origin":98,"position":1},"title":"Las ventajas de empezar  una carrera en agosto","author":"CLUSTERciar","date":"14 junio, 2018","format":false,"excerpt":"Cada d\u00eda m\u00e1s instituciones brindan la posibilidad de comenzar a cursar en la segunda mitad del a\u00f1o. Potenciar Educaci\u00f3n Superior, adem\u00e1s, permite recuperar el primer cuatrimestre y as\u00ed completar Tecnicaturas Superiores en solo dos a\u00f1os y medio. Ya sea para aprovechar lo que resta del a\u00f1o o para adelantarse al\u2026","rel":"","context":"En \u00abEducaci\u00f3n\/Sociedad\u00bb","block_context":{"text":"Educaci\u00f3n\/Sociedad","link":"http:\/\/ccnews.com.ar\/prensa\/category\/educacion-sociedad\/"},"img":{"alt_text":"","src":"https:\/\/i0.wp.com\/ccnews.com.ar\/prensa\/wp-content\/uploads\/2018\/06\/web.jpg?fit=803%2C226&resize=350%2C200","width":350,"height":200,"srcset":"https:\/\/i0.wp.com\/ccnews.com.ar\/prensa\/wp-content\/uploads\/2018\/06\/web.jpg?fit=803%2C226&resize=350%2C200 1x, https:\/\/i0.wp.com\/ccnews.com.ar\/prensa\/wp-content\/uploads\/2018\/06\/web.jpg?fit=803%2C226&resize=525%2C300 1,5x, https:\/\/i0.wp.com\/ccnews.com.ar\/prensa\/wp-content\/uploads\/2018\/06\/web.jpg?fit=803%2C226&resize=700%2C400 2x"},"classes":[]},{"id":3881,"url":"http:\/\/ccnews.com.ar\/prensa\/el-enacom-firmo-un-acuerdo-con-ericsson-para-mejorar-las-tic-en-el-pais\/","url_meta":{"origin":98,"position":2},"title":"El Enacom firm\u00f3 un acuerdo con Ericsson para mejorar las TIC en el pa\u00eds","author":"CLUSTERciar","date":"26 abril, 2017","format":false,"excerpt":"Se trata de un convenio que se firm\u00f3 en el marco del World Economic Forum. El eje de la iniciativa es generar herramientas y mecanismos para implementar nuevas tecnolog\u00edas vinculadas con la banda ancha, futuras redes 5G, smart cities e internet de las cosas Banda ancha m\u00f3vil, futuras redes 5G,\u2026","rel":"","context":"En \u00abTransformaci\u00f3n digital\u00bb","block_context":{"text":"Transformaci\u00f3n digital","link":"http:\/\/ccnews.com.ar\/prensa\/category\/transformacion-digital\/"},"img":{"alt_text":"","src":"https:\/\/i0.wp.com\/ccnews.com.ar\/prensa\/wp-content\/uploads\/2017\/04\/Untitled-1.jpg?fit=600%2C338&resize=350%2C200","width":350,"height":200,"srcset":"https:\/\/i0.wp.com\/ccnews.com.ar\/prensa\/wp-content\/uploads\/2017\/04\/Untitled-1.jpg?fit=600%2C338&resize=350%2C200 1x, https:\/\/i0.wp.com\/ccnews.com.ar\/prensa\/wp-content\/uploads\/2017\/04\/Untitled-1.jpg?fit=600%2C338&resize=525%2C300 1,5x"},"classes":[]},{"id":8247,"url":"http:\/\/ccnews.com.ar\/prensa\/potenciar-educacion-superior-ofrece-tres-nuevas-carreras-con-oportunidades-laborales\/","url_meta":{"origin":98,"position":3},"title":"Potenciar Educaci\u00f3n Superior  ofrece tres nuevas carreras  con oportunidades laborales","author":"admin","date":"27 junio, 2018","format":false,"excerpt":"Se trata de las Tecnicaturas Superiores en Energ\u00eda Renovable, en Operaci\u00f3n de Yacimientos No Convencionales y en Seguridad, Higiene y Medio Ambiente. La instituci\u00f3n tambi\u00e9n brinda acceso al mercado laboral, gracias a su v\u00ednculo con empresas del sector. El alcance de la propuesta es doble. Por un lado, m\u00e1s estudiantes\u2026","rel":"","context":"En \u00abEducaci\u00f3n\/Sociedad\u00bb","block_context":{"text":"Educaci\u00f3n\/Sociedad","link":"http:\/\/ccnews.com.ar\/prensa\/category\/educacion-sociedad\/"},"img":{"alt_text":"","src":"https:\/\/i0.wp.com\/ccnews.com.ar\/prensa\/wp-content\/uploads\/2018\/06\/ccn-49.jpg?fit=803%2C404&resize=350%2C200","width":350,"height":200,"srcset":"https:\/\/i0.wp.com\/ccnews.com.ar\/prensa\/wp-content\/uploads\/2018\/06\/ccn-49.jpg?fit=803%2C404&resize=350%2C200 1x, https:\/\/i0.wp.com\/ccnews.com.ar\/prensa\/wp-content\/uploads\/2018\/06\/ccn-49.jpg?fit=803%2C404&resize=525%2C300 1,5x, https:\/\/i0.wp.com\/ccnews.com.ar\/prensa\/wp-content\/uploads\/2018\/06\/ccn-49.jpg?fit=803%2C404&resize=700%2C400 2x"},"classes":[]},{"id":100,"url":"http:\/\/ccnews.com.ar\/prensa\/potenciar-educacion-superior-amplia-su-oferta-academica\/","url_meta":{"origin":98,"position":4},"title":"Potenciar Educaci\u00f3n Superior ampl\u00eda su oferta Acad\u00e9mica","author":"CLUSTERciar","date":"1 febrero, 2016","format":false,"excerpt":"Con intensidad se desarrollan las inscripciones para todas las tecnicaturas en PES. A la tradicional oferta\u00a0 que integran las tecnicaturas en Desarrollo de proyectos, Inspecci\u00f3n t\u00e9cnica de Obras, log\u00edstica y abastecimiento,\u00a0 Planeamiento, Relaciones laborales y Administraci\u00f3n de Empresas, a partir de este a\u00f1o se suman las\u00a0 tecnicaturas Superiores en Hidrocarburos\u2026","rel":"","context":"En \u00abEducaci\u00f3n\/Sociedad\u00bb","block_context":{"text":"Educaci\u00f3n\/Sociedad","link":"http:\/\/ccnews.com.ar\/prensa\/category\/educacion-sociedad\/"},"img":{"alt_text":"logo_nuevo","src":"https:\/\/i0.wp.com\/clusterciar.com.ar\/wp\/wp-content\/uploads\/2016\/03\/logo_nuevo-300x134.jpg?resize=350%2C200","width":350,"height":200},"classes":[]},{"id":9011,"url":"http:\/\/ccnews.com.ar\/prensa\/los-estudios-tecnicos-con-mas-salida-laboral-en-el-pais\/","url_meta":{"origin":98,"position":5},"title":"Los estudios t\u00e9cnicos con m\u00e1s salida laboral en el pa\u00eds","author":"CLUSTERciar","date":"9 octubre, 2018","format":false,"excerpt":"El nuevo entorno digital en el que vivimos promete cambiar las reglas del juego tanto en el \u00e1mbito educativo como en el laboral. Por causa del desarrollo y constante avance de las Tecnolog\u00edas de la Informaci\u00f3n y la Comunicaci\u00f3n se crean nuevas carreras por las que los estudiantes pueden optar\u2026","rel":"","context":"En \u00abEducaci\u00f3n\/Sociedad\u00bb","block_context":{"text":"Educaci\u00f3n\/Sociedad","link":"http:\/\/ccnews.com.ar\/prensa\/category\/educacion-sociedad\/"},"img":{"alt_text":"","src":"https:\/\/i0.wp.com\/ccnews.com.ar\/prensa\/wp-content\/uploads\/2018\/10\/ccn-8.jpg?fit=660%2C370&resize=350%2C200","width":350,"height":200,"srcset":"https:\/\/i0.wp.com\/ccnews.com.ar\/prensa\/wp-content\/uploads\/2018\/10\/ccn-8.jpg?fit=660%2C370&resize=350%2C200 1x, https:\/\/i0.wp.com\/ccnews.com.ar\/prensa\/wp-content\/uploads\/2018\/10\/ccn-8.jpg?fit=660%2C370&resize=525%2C300 1,5x"},"classes":[]}],"jetpack_sharing_enabled":true,"_links":{"self":[{"href":"http:\/\/ccnews.com.ar\/prensa\/wp-json\/wp\/v2\/posts\/98","targetHints":{"allow":["GET"]}}],"collection":[{"href":"http:\/\/ccnews.com.ar\/prensa\/wp-json\/wp\/v2\/posts"}],"about":[{"href":"http:\/\/ccnews.com.ar\/prensa\/wp-json\/wp\/v2\/types\/post"}],"author":[{"embeddable":true,"href":"http:\/\/ccnews.com.ar\/prensa\/wp-json\/wp\/v2\/users\/2"}],"replies":[{"embeddable":true,"href":"http:\/\/ccnews.com.ar\/prensa\/wp-json\/wp\/v2\/comments?post=98"}],"version-history":[{"count":0,"href":"http:\/\/ccnews.com.ar\/prensa\/wp-json\/wp\/v2\/posts\/98\/revisions"}],"wp:featuredmedia":[{"embeddable":true,"href":"http:\/\/ccnews.com.ar\/prensa\/wp-json\/"}],"wp:attachment":[{"href":"http:\/\/ccnews.com.ar\/prensa\/wp-json\/wp\/v2\/media?parent=98"}],"wp:term":[{"taxonomy":"category","embeddable":true,"href":"http:\/\/ccnews.com.ar\/prensa\/wp-json\/wp\/v2\/categories?post=98"},{"taxonomy":"post_tag","embeddable":true,"href":"http:\/\/ccnews.com.ar\/prensa\/wp-json\/wp\/v2\/tags?post=98"}],"curies":[{"name":"wp","href":"https:\/\/api.w.org\/{rel}","templated":true}]}}