{"id":9925,"date":"2019-01-13T08:00:36","date_gmt":"2019-01-13T11:00:36","guid":{"rendered":"http:\/\/ccnews.com.ar\/prensa\/?p=9925"},"modified":"2019-01-11T11:29:50","modified_gmt":"2019-01-11T14:29:50","slug":"ces-2019-la-tecnologia-para-bebes-se-vuelve-cada-vez-mas-precisa-y-apunta-a-ayudar-a-los-padres-primerizos","status":"publish","type":"post","link":"http:\/\/ccnews.com.ar\/prensa\/ces-2019-la-tecnologia-para-bebes-se-vuelve-cada-vez-mas-precisa-y-apunta-a-ayudar-a-los-padres-primerizos\/","title":{"rendered":"CES 2019: la tecnolog\u00eda para beb\u00e9s se vuelve cada vez m\u00e1s precisa y apunta a ayudar a los padres primerizos"},"content":{"rendered":"<p><strong>Hay para ir menos al m\u00e9dico, registrar contracciones, de fertilidad y uno absolutamente rid\u00edculo.<\/strong><\/p>\n<p>En la edici\u00f3n\u00a0<a href=\"https:\/\/www.clarin.com\/tema\/feria-ces-de-tecnologia.html\" target=\"_blank\" rel=\"noopener\">2019 del CES<\/a>\u00a0los stands con gadgets para la\u00a0paternidad\u00a0tienen siempre un lugar. Este a\u00f1o se pudieron ver algunas cosas interesantes, como trackeadores de\u00a0contracciones\u00a0o un sistema que indica el momento\u00a0m\u00e1s f\u00e9rtil\u00a0y hasta un kit de ex\u00e1menes r\u00e1pidos para\u00a0evitar tantas visitas al pediatra.<\/p>\n<p><strong>\u200b\u200b<\/strong>\u00bfC\u00f3mo funciona este \u00faltimo? Con una\u00a0c\u00e1mara\u00a0que llama en el momento a un m\u00e9dico disponible para sacarse las dudas de qu\u00e9 es esa tos o ese rush en la piel.<\/p>\n<p>Entre prototipos y algunos que ya est\u00e1n en el mercado, estos son los que m\u00e1s llamaron la atenci\u00f3n en\u00a0Las Vegas.<\/p>\n<h4><em>Bloomlife, el trackeador de contracciones<\/em><\/h4>\n<p>Para saber exactamente qu\u00e9 est\u00e1 sucediendo cuando se tiene un determinado dolor, Bloomlife es un gadget que indica si realmente viene el beb\u00e9. Funciona con una app que monitorea la frecuencia y el\u00a0ritmo\u00a0card\u00edaco, que con determinados par\u00e1metros recopila informaci\u00f3n.<\/p>\n<p>El sistema est\u00e1 bien pensado porque no se compra: se alquila por 20 d\u00f3lares a la semana.<\/p>\n<p>Para calcular m\u00e1s o menos cerca de la fecha de parto\u00a0y contratarlo<\/p>\n<p><a href=\"https:\/\/i0.wp.com\/ccnews.com.ar\/prensa\/wp-content\/uploads\/2019\/01\/tec2.jpg\"><img data-recalc-dims=\"1\" loading=\"lazy\" decoding=\"async\" data-attachment-id=\"9929\" data-permalink=\"http:\/\/ccnews.com.ar\/prensa\/ces-2019-la-tecnologia-para-bebes-se-vuelve-cada-vez-mas-precisa-y-apunta-a-ayudar-a-los-padres-primerizos\/tec2\/\" data-orig-file=\"https:\/\/i0.wp.com\/ccnews.com.ar\/prensa\/wp-content\/uploads\/2019\/01\/tec2.jpg?fit=720%2C480\" data-orig-size=\"720,480\" data-comments-opened=\"0\" data-image-meta=\"{&quot;aperture&quot;:&quot;0&quot;,&quot;credit&quot;:&quot;&quot;,&quot;camera&quot;:&quot;&quot;,&quot;caption&quot;:&quot;&quot;,&quot;created_timestamp&quot;:&quot;0&quot;,&quot;copyright&quot;:&quot;&quot;,&quot;focal_length&quot;:&quot;0&quot;,&quot;iso&quot;:&quot;0&quot;,&quot;shutter_speed&quot;:&quot;0&quot;,&quot;title&quot;:&quot;&quot;,&quot;orientation&quot;:&quot;0&quot;}\" data-image-title=\"tec2\" data-image-description=\"\" data-image-caption=\"\" data-large-file=\"https:\/\/i0.wp.com\/ccnews.com.ar\/prensa\/wp-content\/uploads\/2019\/01\/tec2.jpg?fit=720%2C480\" class=\"alignnone size-medium wp-image-9929\" src=\"https:\/\/i0.wp.com\/ccnews.com.ar\/prensa\/wp-content\/uploads\/2019\/01\/tec2.jpg?resize=300%2C200\" alt=\"\" width=\"300\" height=\"200\" srcset=\"https:\/\/i0.wp.com\/ccnews.com.ar\/prensa\/wp-content\/uploads\/2019\/01\/tec2.jpg?resize=300%2C200 300w, https:\/\/i0.wp.com\/ccnews.com.ar\/prensa\/wp-content\/uploads\/2019\/01\/tec2.jpg?w=720 720w\" sizes=\"auto, (max-width: 300px) 100vw, 300px\" \/><\/a><\/p>\n<h4><em>Proov: la fertilidad digitalizada<\/em><\/h4>\n<p>Para ayudar en los casos de problemas de\u00a0fertilidad, la Doctora Amy Beckley cre\u00f3 una\u00a0startup\u00a0dedicada completamente a facilitar este proceso con un objetivo: reducir los costos de un tratamiento al menos a la mitad.<\/p>\n<p>Por eso registr\u00f3 sus niveles de hormonas y lleg\u00f3 a detectar que el problema era la falta de\u00a0progesterona.<\/p>\n<p>A partir de su experiencia sigui\u00f3 trackeando la ovulaci\u00f3n y tuvo \u00e9xito.<\/p>\n<p>El resultado tambi\u00e9n fue\u00a0<strong>Proov Test\u00a0<\/strong>un paquete que funciona con diversos tests que arrojan informaci\u00f3n y pasos a seguir para mejorar la fertilidad. Son unas banditas similares a los conocidos tests de embarazo.<\/p>\n<h4><em>Tyto, para evitar ir tanto al pediatra<\/em><\/h4>\n<p>Para los padres que se preocupan mucho, sin embargo, puede ser el gadget justo: funciona a trav\u00e9s de la telemedicina y\u00a0<strong>\u201ctrae\u201d al doctor a casa\u00a0<\/strong>mediante una c\u00e1mara.<\/p>\n<p>Funciona a trav\u00e9s de una\u00a0prepaga\u00a0de salud y sirve principalmente para diagnosticar los s\u00edntomas y males m\u00e1s comunes: fiebre, tos, rushes, congestiones y dolores de garganta.<\/p>\n<p>Uno de los m\u00e1s \u00fatiles sin dudas.<\/p>\n<h4><em>Nanit Plus, la vigilancia hecha beb\u00e9<\/em><\/h4>\n<p><a href=\"https:\/\/i0.wp.com\/ccnews.com.ar\/prensa\/wp-content\/uploads\/2019\/01\/tec3.jpg\"><img data-recalc-dims=\"1\" loading=\"lazy\" decoding=\"async\" data-attachment-id=\"9931\" data-permalink=\"http:\/\/ccnews.com.ar\/prensa\/ces-2019-la-tecnologia-para-bebes-se-vuelve-cada-vez-mas-precisa-y-apunta-a-ayudar-a-los-padres-primerizos\/tec3\/\" data-orig-file=\"https:\/\/i0.wp.com\/ccnews.com.ar\/prensa\/wp-content\/uploads\/2019\/01\/tec3.jpg?fit=720%2C1021\" data-orig-size=\"720,1021\" data-comments-opened=\"0\" data-image-meta=\"{&quot;aperture&quot;:&quot;0&quot;,&quot;credit&quot;:&quot;&quot;,&quot;camera&quot;:&quot;&quot;,&quot;caption&quot;:&quot;&quot;,&quot;created_timestamp&quot;:&quot;0&quot;,&quot;copyright&quot;:&quot;&quot;,&quot;focal_length&quot;:&quot;0&quot;,&quot;iso&quot;:&quot;0&quot;,&quot;shutter_speed&quot;:&quot;0&quot;,&quot;title&quot;:&quot;&quot;,&quot;orientation&quot;:&quot;0&quot;}\" data-image-title=\"tec3\" data-image-description=\"\" data-image-caption=\"\" data-large-file=\"https:\/\/i0.wp.com\/ccnews.com.ar\/prensa\/wp-content\/uploads\/2019\/01\/tec3.jpg?fit=720%2C1021\" class=\"alignnone size-medium wp-image-9931\" src=\"https:\/\/i0.wp.com\/ccnews.com.ar\/prensa\/wp-content\/uploads\/2019\/01\/tec3.jpg?resize=212%2C300\" alt=\"\" width=\"212\" height=\"300\" srcset=\"https:\/\/i0.wp.com\/ccnews.com.ar\/prensa\/wp-content\/uploads\/2019\/01\/tec3.jpg?resize=212%2C300 212w, https:\/\/i0.wp.com\/ccnews.com.ar\/prensa\/wp-content\/uploads\/2019\/01\/tec3.jpg?w=720 720w\" sizes=\"auto, (max-width: 212px) 100vw, 212px\" \/><\/a><\/p>\n<p>Se trata de una\u00a0<strong>c\u00e1mara<\/strong>\u00a0que monitorea el sue\u00f1o del infante. No es un invento para nada nuevo, pero la novedad viene por el lado de la visi\u00f3n nocturna de alta calidad para poder hacer zoom y ver exactamente si hay algo fuera de lo normal.<\/p>\n<p>La compa\u00f1\u00eda lo vende con el objetivo de que se pueda controlar al beb\u00e9 sin tener que levantarse constantemente.<\/p>\n<h4><em>Smart Diaper: absolutamente innecesario<\/em><\/h4>\n<p>Se trata de un dispositivo realmente incomprensible:\u00a0avisa cu\u00e1ndo el pa\u00f1al de un beb\u00e9 est\u00e1 sucio<strong>.\u00a0<\/strong>\u00bfRealmente necesitamos un aparato o una app que nos diga esto?<\/p>\n<p><a href=\"https:\/\/i0.wp.com\/ccnews.com.ar\/prensa\/wp-content\/uploads\/2019\/01\/tec4.jpg\"><img data-recalc-dims=\"1\" loading=\"lazy\" decoding=\"async\" data-attachment-id=\"9933\" data-permalink=\"http:\/\/ccnews.com.ar\/prensa\/ces-2019-la-tecnologia-para-bebes-se-vuelve-cada-vez-mas-precisa-y-apunta-a-ayudar-a-los-padres-primerizos\/tec4\/\" data-orig-file=\"https:\/\/i0.wp.com\/ccnews.com.ar\/prensa\/wp-content\/uploads\/2019\/01\/tec4.jpg?fit=720%2C404\" data-orig-size=\"720,404\" data-comments-opened=\"0\" data-image-meta=\"{&quot;aperture&quot;:&quot;0&quot;,&quot;credit&quot;:&quot;&quot;,&quot;camera&quot;:&quot;&quot;,&quot;caption&quot;:&quot;&quot;,&quot;created_timestamp&quot;:&quot;0&quot;,&quot;copyright&quot;:&quot;&quot;,&quot;focal_length&quot;:&quot;0&quot;,&quot;iso&quot;:&quot;0&quot;,&quot;shutter_speed&quot;:&quot;0&quot;,&quot;title&quot;:&quot;&quot;,&quot;orientation&quot;:&quot;0&quot;}\" data-image-title=\"tec4\" data-image-description=\"\" data-image-caption=\"\" data-large-file=\"https:\/\/i0.wp.com\/ccnews.com.ar\/prensa\/wp-content\/uploads\/2019\/01\/tec4.jpg?fit=720%2C404\" class=\"alignnone size-medium wp-image-9933\" src=\"https:\/\/i0.wp.com\/ccnews.com.ar\/prensa\/wp-content\/uploads\/2019\/01\/tec4.jpg?resize=300%2C168\" alt=\"\" width=\"300\" height=\"168\" srcset=\"https:\/\/i0.wp.com\/ccnews.com.ar\/prensa\/wp-content\/uploads\/2019\/01\/tec4.jpg?resize=300%2C168 300w, https:\/\/i0.wp.com\/ccnews.com.ar\/prensa\/wp-content\/uploads\/2019\/01\/tec4.jpg?w=720 720w\" sizes=\"auto, (max-width: 300px) 100vw, 300px\" \/><\/a><\/p>\n<p>Lo hace a trav\u00e9s de una app. \u00bfC\u00f3mo?\u00a0<strong>&#8220;\u00a1Poo detected!&#8221;<\/strong>\u00a0S\u00ed: avisa con una notificaci\u00f3n que hay &#8220;materia fecal detectada&#8221;.<\/p>\n<p>No hace falta decir mucho m\u00e1s.<\/p>\n<p>&nbsp;<\/p>\n<p>Fuente Clar\u00edn<\/p>\n<!-- AddThis Advanced Settings generic via filter on the_content -->","protected":false},"excerpt":{"rendered":"<p>Hay para ir menos al m\u00e9dico, registrar contracciones, de fertilidad y uno absolutamente rid\u00edculo. En la edici\u00f3n\u00a02019 del CES\u00a0los stands<!-- AddThis Advanced Settings generic via filter on get_the_excerpt --><\/p>\n","protected":false},"author":1,"featured_media":9927,"comment_status":"closed","ping_status":"closed","sticky":false,"template":"","format":"standard","meta":{"colormag_page_container_layout":"default_layout","colormag_page_sidebar_layout":"default_layout","jetpack_post_was_ever_published":false,"_jetpack_newsletter_access":"","_jetpack_dont_email_post_to_subs":false,"_jetpack_newsletter_tier_id":0,"_jetpack_memberships_contains_paywalled_content":false,"_jetpack_memberships_contains_paid_content":false,"footnotes":"","jetpack_publicize_message":"","jetpack_publicize_feature_enabled":true,"jetpack_social_post_already_shared":true,"jetpack_social_options":{"image_generator_settings":{"template":"highway","default_image_id":0,"font":"","enabled":false},"version":2}},"categories":[5],"tags":[17],"class_list":["post-9925","post","type-post","status-publish","format-standard","has-post-thumbnail","hentry","category-transformacion-digital","tag-otros-medios"],"jetpack_publicize_connections":[],"jetpack_featured_media_url":"https:\/\/i0.wp.com\/ccnews.com.ar\/prensa\/wp-content\/uploads\/2019\/01\/tec1.jpg?fit=1256%2C620","jetpack_shortlink":"https:\/\/wp.me\/p7L1gj-2A5","jetpack-related-posts":[{"id":15246,"url":"http:\/\/ccnews.com.ar\/prensa\/las-energias-renovables-prueban-su-inmunidad-al-covid-19\/","url_meta":{"origin":9925,"position":0},"title":"Las energ\u00edas renovables prueban su inmunidad al COVID-19","author":"admin","date":"15 abril, 2020","format":false,"excerpt":"El crecimiento de la industria de las energ\u00edas renovables se ha desacelerado en las \u00faltimas semanas, debido a la combinaci\u00f3n de tres factores: la pandemia, la contracci\u00f3n financiera resultante y el colapso en los precios del petr\u00f3leo. Los analistas esperan una contracci\u00f3n significativa a corto plazo, seguida por una recuperaci\u00f3n\u2026","rel":"","context":"En \u00abCovid-19\u00bb","block_context":{"text":"Covid-19","link":"http:\/\/ccnews.com.ar\/prensa\/category\/covid-19\/"},"img":{"alt_text":"","src":"https:\/\/i0.wp.com\/ccnews.com.ar\/prensa\/wp-content\/uploads\/2020\/04\/Las-energias-renovables-660x330.jpg?fit=660%2C330&resize=350%2C200","width":350,"height":200,"srcset":"https:\/\/i0.wp.com\/ccnews.com.ar\/prensa\/wp-content\/uploads\/2020\/04\/Las-energias-renovables-660x330.jpg?fit=660%2C330&resize=350%2C200 1x, https:\/\/i0.wp.com\/ccnews.com.ar\/prensa\/wp-content\/uploads\/2020\/04\/Las-energias-renovables-660x330.jpg?fit=660%2C330&resize=525%2C300 1,5x"},"classes":[]},{"id":3489,"url":"http:\/\/ccnews.com.ar\/prensa\/ff91-lo-que-hay-que-saber-del-automovil-electrico-que-quiere-destronar-a-tesla\/","url_meta":{"origin":9925,"position":1},"title":"FF91: LO QUE HAY QUE SABER DEL AUTOM\u00d3VIL EL\u00c9CTRICO QUE QUIERE DESTRONAR A TESLA","author":"CLUSTERciar","date":"23 marzo, 2017","format":false,"excerpt":"La joven compa\u00f1\u00eda Faraday Future acaba de presentar un auto propulsado el\u00e9ctricamente que bate los r\u00e9cords en su sector, superando al m\u00e1s veloz entre los suyos, el Tesla Model S P100D. Te invitamos a conocer todos los detalles de este nuevo veh\u00edculo, que reci\u00e9n llegar\u00e1 al mercado en 2019 con\u2026","rel":"","context":"En \u00abTransformaci\u00f3n digital\u00bb","block_context":{"text":"Transformaci\u00f3n digital","link":"http:\/\/ccnews.com.ar\/prensa\/category\/transformacion-digital\/"},"img":{"alt_text":"","src":"https:\/\/i0.wp.com\/ccnews.com.ar\/prensa\/wp-content\/uploads\/2017\/03\/587ff2c9ee14b68f7b8b5c71-2400.jpg?fit=1200%2C862&resize=350%2C200","width":350,"height":200,"srcset":"https:\/\/i0.wp.com\/ccnews.com.ar\/prensa\/wp-content\/uploads\/2017\/03\/587ff2c9ee14b68f7b8b5c71-2400.jpg?fit=1200%2C862&resize=350%2C200 1x, https:\/\/i0.wp.com\/ccnews.com.ar\/prensa\/wp-content\/uploads\/2017\/03\/587ff2c9ee14b68f7b8b5c71-2400.jpg?fit=1200%2C862&resize=525%2C300 1,5x, https:\/\/i0.wp.com\/ccnews.com.ar\/prensa\/wp-content\/uploads\/2017\/03\/587ff2c9ee14b68f7b8b5c71-2400.jpg?fit=1200%2C862&resize=700%2C400 2x, https:\/\/i0.wp.com\/ccnews.com.ar\/prensa\/wp-content\/uploads\/2017\/03\/587ff2c9ee14b68f7b8b5c71-2400.jpg?fit=1200%2C862&resize=1050%2C600 3x"},"classes":[]},{"id":6501,"url":"http:\/\/ccnews.com.ar\/prensa\/adios-2017-hola-2018-los-hechos-tecnologicos-mas-relevantes-y-que-nos-depara-el-futuro\/","url_meta":{"origin":9925,"position":2},"title":"Adi\u00f3s 2017, hola 2018: los hechos tecnol\u00f3gicos m\u00e1s relevantes y que nos depara el futuro","author":"CLUSTERciar","date":"8 enero, 2018","format":false,"excerpt":"Autos aut\u00f3nomos, diminutos microprocesadores con inteligencia artificial y hasta nuevas tecnolog\u00edas de conectividad para redes m\u00f3viles ya se posicionan como temas de inter\u00e9s entre las empresas. Llegan estas fechas y los momentos de realizar balances se ubican entre las tareas m\u00e1s destacadas del mes. En materia de tecnolog\u00eda, el a\u00f1o\u2026","rel":"","context":"En \u00abTransformaci\u00f3n digital\u00bb","block_context":{"text":"Transformaci\u00f3n digital","link":"http:\/\/ccnews.com.ar\/prensa\/category\/transformacion-digital\/"},"img":{"alt_text":"","src":"https:\/\/i0.wp.com\/ccnews.com.ar\/prensa\/wp-content\/uploads\/2018\/01\/chau.jpg?fit=1200%2C400&resize=350%2C200","width":350,"height":200,"srcset":"https:\/\/i0.wp.com\/ccnews.com.ar\/prensa\/wp-content\/uploads\/2018\/01\/chau.jpg?fit=1200%2C400&resize=350%2C200 1x, https:\/\/i0.wp.com\/ccnews.com.ar\/prensa\/wp-content\/uploads\/2018\/01\/chau.jpg?fit=1200%2C400&resize=525%2C300 1,5x, https:\/\/i0.wp.com\/ccnews.com.ar\/prensa\/wp-content\/uploads\/2018\/01\/chau.jpg?fit=1200%2C400&resize=700%2C400 2x, https:\/\/i0.wp.com\/ccnews.com.ar\/prensa\/wp-content\/uploads\/2018\/01\/chau.jpg?fit=1200%2C400&resize=1050%2C600 3x"},"classes":[]},{"id":3073,"url":"http:\/\/ccnews.com.ar\/prensa\/10-anos-de-una-revolucion-un-dia-como-hoy-se-presento-el-iphone\/","url_meta":{"origin":9925,"position":3},"title":"10 a\u00f1os de una revoluci\u00f3n: un d\u00eda como hoy se present\u00f3 el iPhone","author":"CLUSTERciar","date":"9 enero, 2017","format":false,"excerpt":"El 9 de enero de 2007, Steve Jobs lo present\u00f3 por primera vez al p\u00fablico. El aparato cambi\u00f3 la forma de relacionarnos con la tecnolog\u00eda. Hace diez a\u00f1os naci\u00f3 el iPhone, un aparato emblem\u00e1tico que revolucion\u00f3 literalmente la industria de los tel\u00e9fonos m\u00f3viles y cambi\u00f3 nuestras costumbres. Su creador, Apple,\u2026","rel":"","context":"En \u00abTransformaci\u00f3n digital\u00bb","block_context":{"text":"Transformaci\u00f3n digital","link":"http:\/\/ccnews.com.ar\/prensa\/category\/transformacion-digital\/"},"img":{"alt_text":"","src":"https:\/\/i0.wp.com\/ccnews.com.ar\/prensa\/wp-content\/uploads\/2017\/01\/BJ2DvtlEl_930x525.jpg?fit=930%2C525&resize=350%2C200","width":350,"height":200,"srcset":"https:\/\/i0.wp.com\/ccnews.com.ar\/prensa\/wp-content\/uploads\/2017\/01\/BJ2DvtlEl_930x525.jpg?fit=930%2C525&resize=350%2C200 1x, https:\/\/i0.wp.com\/ccnews.com.ar\/prensa\/wp-content\/uploads\/2017\/01\/BJ2DvtlEl_930x525.jpg?fit=930%2C525&resize=525%2C300 1,5x, https:\/\/i0.wp.com\/ccnews.com.ar\/prensa\/wp-content\/uploads\/2017\/01\/BJ2DvtlEl_930x525.jpg?fit=930%2C525&resize=700%2C400 2x"},"classes":[]},{"id":15276,"url":"http:\/\/ccnews.com.ar\/prensa\/como-adaptar-tu-estrategia-de-medios-en-la-situacion-del-covid-19\/","url_meta":{"origin":9925,"position":4},"title":"C\u00f3mo adaptar tu estrategia de medios en la situaci\u00f3n del COVID-19","author":"Editor","date":"19 abril, 2020","format":false,"excerpt":"Las marcas se encuentran sumergidas en un dilema provocado por el Covid-19, plante\u00e1ndose c\u00f3mo mejorar su estrategia de medios. En esta situaci\u00f3n global de constante cambio, es dif\u00edcil saber cu\u00e1l deber\u00eda ser el pr\u00f3ximo movimiento de tu negocio. Uno de los muchos dilemas a los que se enfrentan las marcas\u2026","rel":"","context":"En \u00abCovid-19\u00bb","block_context":{"text":"Covid-19","link":"http:\/\/ccnews.com.ar\/prensa\/category\/covid-19\/"},"img":{"alt_text":"","src":"https:\/\/i0.wp.com\/ccnews.com.ar\/prensa\/wp-content\/uploads\/2020\/04\/estrategia-de-medios.png?fit=626%2C364&resize=350%2C200","width":350,"height":200,"srcset":"https:\/\/i0.wp.com\/ccnews.com.ar\/prensa\/wp-content\/uploads\/2020\/04\/estrategia-de-medios.png?fit=626%2C364&resize=350%2C200 1x, https:\/\/i0.wp.com\/ccnews.com.ar\/prensa\/wp-content\/uploads\/2020\/04\/estrategia-de-medios.png?fit=626%2C364&resize=525%2C300 1,5x"},"classes":[]},{"id":4881,"url":"http:\/\/ccnews.com.ar\/prensa\/un-millennial-que-se-replanteo-su-mision-como-medico-y-hoy-salva-vidas-desde-otro-lugar\/","url_meta":{"origin":9925,"position":5},"title":"Un millennial que se replante\u00f3 su misi\u00f3n como m\u00e9dico y hoy salva vidas desde otro lugar","author":"CLUSTERciar","date":"31 julio, 2017","format":false,"excerpt":"Dej\u00f3 de lado la carrera para seguir su verdadero sue\u00f1o; hace tres a\u00f1os, junto a Juli\u00e1n Weich, lleva agua segura a familias y comunidades rurales aisladas Con el t\u00edtulo de m\u00e9dico en mano y una floreciente carrera por delante, un d\u00eda se dio cuenta de que no era feliz. A\u2026","rel":"","context":"En \u00abEducaci\u00f3n\/Sociedad\u00bb","block_context":{"text":"Educaci\u00f3n\/Sociedad","link":"http:\/\/ccnews.com.ar\/prensa\/category\/educacion-sociedad\/"},"img":{"alt_text":"","src":"https:\/\/i0.wp.com\/ccnews.com.ar\/prensa\/wp-content\/uploads\/2017\/07\/comunidad-2486957w640.jpg?fit=640%2C426&resize=350%2C200","width":350,"height":200,"srcset":"https:\/\/i0.wp.com\/ccnews.com.ar\/prensa\/wp-content\/uploads\/2017\/07\/comunidad-2486957w640.jpg?fit=640%2C426&resize=350%2C200 1x, https:\/\/i0.wp.com\/ccnews.com.ar\/prensa\/wp-content\/uploads\/2017\/07\/comunidad-2486957w640.jpg?fit=640%2C426&resize=525%2C300 1,5x"},"classes":[]}],"jetpack_sharing_enabled":true,"_links":{"self":[{"href":"http:\/\/ccnews.com.ar\/prensa\/wp-json\/wp\/v2\/posts\/9925","targetHints":{"allow":["GET"]}}],"collection":[{"href":"http:\/\/ccnews.com.ar\/prensa\/wp-json\/wp\/v2\/posts"}],"about":[{"href":"http:\/\/ccnews.com.ar\/prensa\/wp-json\/wp\/v2\/types\/post"}],"author":[{"embeddable":true,"href":"http:\/\/ccnews.com.ar\/prensa\/wp-json\/wp\/v2\/users\/1"}],"replies":[{"embeddable":true,"href":"http:\/\/ccnews.com.ar\/prensa\/wp-json\/wp\/v2\/comments?post=9925"}],"version-history":[{"count":4,"href":"http:\/\/ccnews.com.ar\/prensa\/wp-json\/wp\/v2\/posts\/9925\/revisions"}],"predecessor-version":[{"id":9943,"href":"http:\/\/ccnews.com.ar\/prensa\/wp-json\/wp\/v2\/posts\/9925\/revisions\/9943"}],"wp:featuredmedia":[{"embeddable":true,"href":"http:\/\/ccnews.com.ar\/prensa\/wp-json\/wp\/v2\/media\/9927"}],"wp:attachment":[{"href":"http:\/\/ccnews.com.ar\/prensa\/wp-json\/wp\/v2\/media?parent=9925"}],"wp:term":[{"taxonomy":"category","embeddable":true,"href":"http:\/\/ccnews.com.ar\/prensa\/wp-json\/wp\/v2\/categories?post=9925"},{"taxonomy":"post_tag","embeddable":true,"href":"http:\/\/ccnews.com.ar\/prensa\/wp-json\/wp\/v2\/tags?post=9925"}],"curies":[{"name":"wp","href":"https:\/\/api.w.org\/{rel}","templated":true}]}}