{"id":9949,"date":"2019-01-14T08:00:11","date_gmt":"2019-01-14T11:00:11","guid":{"rendered":"http:\/\/ccnews.com.ar\/prensa\/?p=9949"},"modified":"2019-01-14T09:20:37","modified_gmt":"2019-01-14T12:20:37","slug":"miguel-gutierrez-nunca-aceptaria-que-el-gobierno-me-imponga-precios-a-combustibles","status":"publish","type":"post","link":"http:\/\/ccnews.com.ar\/prensa\/miguel-gutierrez-nunca-aceptaria-que-el-gobierno-me-imponga-precios-a-combustibles\/","title":{"rendered":"Miguel Guti\u00e9rrez \u201cNunca aceptar\u00eda que el Gobierno me imponga precios a combustibles\u201d"},"content":{"rendered":"<p><strong>El presidente de YPF hizo referencia al valor de los combustibles y al reciente fallo en el juicio de la empresa en Estados Unidos. Repas\u00e1 sus palabras en la nota.<\/strong><\/p>\n<p>Miguel Guti\u00e9rrez, presidente de YPF, hizo un completo an\u00e1lisis de la situaci\u00f3n que vive la empresa y respondi\u00f3 todas las preguntas.<\/p>\n<p>Primeramente, hizo referencia a la evoluci\u00f3n de los precios de los combustibles durante el 2019: \u201cVamos a ir viendo todas las variables. Hay que ver el d\u00f3lar, la cotizaci\u00f3n del petr\u00f3leo Brent, el precio de los productos, el mercado internacional. La demanda est\u00e1 atada a la situaci\u00f3n de nuestros clientes. En 2018 ganamos participaci\u00f3n de mercado, donde hubo otros competidores que se retiraron, por razones de p\u00e9rdidas que se generaron en algunos casos y en algunos productos decidieron no participar\u201d.<\/p>\n<p>Y no esquiv\u00f3 la pregunta sobre las posibles \u201crecomendaciones\u201d por parte del Gobierno en un a\u00f1o electoral sobre el precio de los combustibles: \u201cCero. De ninguna manera. No lo aceptar\u00eda como presidente del directorio que el Gobierno me imponga los precios. Esto no quiere decir que uno no pueda tener una conversaci\u00f3n, o puede dialogar sobre el estado del mercado, sobre como est\u00e1n los precios, como vemos la evoluci\u00f3n. Pero una orden y recomendaci\u00f3n taxativa, de ninguna manera\u201d.<\/p>\n<p>En cuanto a la baja de los precios sobre el final del a\u00f1o pasado, Guti\u00e9rrez afirm\u00f3: \u201cFue un a\u00f1o dif\u00edcil para el sector de refinaci\u00f3n por la depreciaci\u00f3n del cambio y la poca posibilidad que hubo de pasar a precios secuencialmente. Lo importante es ir mirando la situaci\u00f3n de mercado, del sistema y por producto. Cada producto tiene sus spreads (rendimientos). El de las naftas est\u00e1 muy bajo a nivel internacional\u201d.<\/p>\n<p><a href=\"https:\/\/i0.wp.com\/ccnews.com.ar\/prensa\/wp-content\/uploads\/2019\/01\/Inspeccion2.jpg\"><img data-recalc-dims=\"1\" loading=\"lazy\" decoding=\"async\" data-attachment-id=\"9951\" data-permalink=\"http:\/\/ccnews.com.ar\/prensa\/miguel-gutierrez-nunca-aceptaria-que-el-gobierno-me-imponga-precios-a-combustibles\/inspeccion2\/\" data-orig-file=\"https:\/\/i0.wp.com\/ccnews.com.ar\/prensa\/wp-content\/uploads\/2019\/01\/Inspeccion2.jpg?fit=630%2C356\" data-orig-size=\"630,356\" data-comments-opened=\"0\" data-image-meta=\"{&quot;aperture&quot;:&quot;0&quot;,&quot;credit&quot;:&quot;&quot;,&quot;camera&quot;:&quot;&quot;,&quot;caption&quot;:&quot;&quot;,&quot;created_timestamp&quot;:&quot;0&quot;,&quot;copyright&quot;:&quot;&quot;,&quot;focal_length&quot;:&quot;0&quot;,&quot;iso&quot;:&quot;0&quot;,&quot;shutter_speed&quot;:&quot;0&quot;,&quot;title&quot;:&quot;&quot;,&quot;orientation&quot;:&quot;1&quot;}\" data-image-title=\"Inspeccion2\" data-image-description=\"\" data-image-caption=\"\" data-large-file=\"https:\/\/i0.wp.com\/ccnews.com.ar\/prensa\/wp-content\/uploads\/2019\/01\/Inspeccion2.jpg?fit=630%2C356\" class=\"alignnone wp-image-9951 size-full\" src=\"https:\/\/i0.wp.com\/ccnews.com.ar\/prensa\/wp-content\/uploads\/2019\/01\/Inspeccion2.jpg?resize=630%2C356\" alt=\"\" width=\"630\" height=\"356\" srcset=\"https:\/\/i0.wp.com\/ccnews.com.ar\/prensa\/wp-content\/uploads\/2019\/01\/Inspeccion2.jpg?w=630 630w, https:\/\/i0.wp.com\/ccnews.com.ar\/prensa\/wp-content\/uploads\/2019\/01\/Inspeccion2.jpg?resize=300%2C170 300w\" sizes=\"auto, (max-width: 630px) 100vw, 630px\" \/><\/a><\/p>\n<p>En relaci\u00f3n al juicio de la empresa en Estados Unidos, el presidente de YPF afirm\u00f3: \u201cEn la justicia nunca podemos saber c\u00f3mo pueden seguir las cosas. En este juicio de Petersen contra YPF y la Rep\u00fablica, hemos tomado la decisi\u00f3n de enfrentarlo con todas las herramientas posibles. Dedicamos bastante tiempo a entender cu\u00e1les eran. Hicimos cambios dr\u00e1sticos en los abogados que nos defend\u00edan. Lo que ocurri\u00f3 este lunes es el resultado de un planteo de estrategia que vinimos haciendo tanto en primera instancia como en segunda instancia y ahora en la Corte. Lo que se est\u00e1 discutiendo no es el juicio, sino la jurisdicci\u00f3n de juicio. Y se discute algo bien de fondo que es los derechos que tienen los pa\u00edses a ejecutar situaciones como fue la nacionalizaci\u00f3n (deYPF) con un pago. Previo a eso, llevamos opiniones de otros pa\u00edses que se presentaron, tal fue el caso de Chile y M\u00e9xico\u201d.<\/p>\n<p>En cuanto a Vaca Muerta, Guti\u00e9rrez se\u00f1al\u00f3: \u201cEst\u00e1 muy bien. El proceso que se inici\u00f3 all\u00ed en 2017 cuando salimos del precio bajo, ya que en febrero de 2017, el crudo val\u00eda US$ 27 y luego vino la conversi\u00f3n, cuando el ministro Aranguren dijo que lo liberaba, lo hizo a US$ 55-56. Todas las compa\u00f1\u00edas tenemos planes de inversi\u00f3n, Los precios del crudo y el gas son importantes, pero como es un negocio de largo plazo. Hacemos planes a 5 a\u00f1os y creo que tenemos una gran oportunidad en Vaca Muerta. Lo ves en los incrementos de producci\u00f3n agregado de gas y petr\u00f3leo que compensan las ca\u00eddas en el sistema tradicional\u201d.<\/p>\n<p>Tambi\u00e9n hizo referencia a la pol\u00edtica energ\u00e9tica que se implementa en nuestro pa\u00eds: \u201cHa habido decisiones muy importantes: la liberaci\u00f3n de mercado de combustibles, la resoluci\u00f3n 46 y la 419 (programa de incentivos a la producci\u00f3n de gas no convencional), m\u00e1s all\u00e1 que ahora pueda tener un cambio fue una pol\u00edtica y buena parte del resultado del incremento de producci\u00f3n provienen de esa pol\u00edtica, y tambi\u00e9n ha habido una pol\u00edtica muy clara de ayudar a bajar los costos. Creo que podemos hacer mucho m\u00e1s en los pr\u00f3ximos meses para que la \u201choja de ruta\u201d se extienda hasta que se considere hacia el final, que estar\u00e1 con la construcci\u00f3n de la planta de LNG (gas l\u00edquido)\u201d.<\/p>\n<p>Por \u00faltimo, hizo referencia a la posibilidad que nuestro pa\u00eds vuelva a importar gas: \u201cArgentina tiene que importar gas. Por los picos y valles de la producci\u00f3n de gas, va a haber que importar en los inviernos. El punto es la secuencia de importaci\u00f3n decreciente. Creo que estos planes de est\u00edmulo son muy \u00fatiles para que esta secuencia siga cayendo. Y que esa producci\u00f3n sea argentina, de yacimientos argentinos, que pagan impuestos argentinos, que desplazan importaciones a precios altos. Definitivamente tenemos la oportunidad de darle al trabajo argentino y a la inversi\u00f3n m\u00e1s gas local\u201d.<\/p>\n<p>&nbsp;<\/p>\n<p>Fuente: Diario26<\/p>\n<p>&nbsp;<\/p>\n<!-- AddThis Advanced Settings generic via filter on the_content -->","protected":false},"excerpt":{"rendered":"<p>El presidente de YPF hizo referencia al valor de los combustibles y al reciente fallo en el juicio de la<!-- AddThis Advanced Settings generic via filter on get_the_excerpt --><\/p>\n","protected":false},"author":1,"featured_media":9953,"comment_status":"closed","ping_status":"closed","sticky":false,"template":"","format":"standard","meta":{"colormag_page_container_layout":"default_layout","colormag_page_sidebar_layout":"default_layout","jetpack_post_was_ever_published":false,"_jetpack_newsletter_access":"","_jetpack_dont_email_post_to_subs":false,"_jetpack_newsletter_tier_id":0,"_jetpack_memberships_contains_paywalled_content":false,"_jetpack_memberships_contains_paid_content":false,"footnotes":"","jetpack_publicize_message":"Miguel Guti\u00e9rrez \u201cNunca aceptar\u00eda que el Gobierno me imponga precios a combustibles\u201d","jetpack_publicize_feature_enabled":true,"jetpack_social_post_already_shared":true,"jetpack_social_options":{"image_generator_settings":{"template":"highway","default_image_id":0,"font":"","enabled":false},"version":2}},"categories":[11],"tags":[17],"class_list":["post-9949","post","type-post","status-publish","format-standard","has-post-thumbnail","hentry","category-energia-y-produccion","tag-otros-medios"],"jetpack_publicize_connections":[],"jetpack_featured_media_url":"https:\/\/i0.wp.com\/ccnews.com.ar\/prensa\/wp-content\/uploads\/2019\/01\/inspeccion.jpg?fit=1170%2C658","jetpack_shortlink":"https:\/\/wp.me\/p7L1gj-2At","jetpack-related-posts":[{"id":6829,"url":"http:\/\/ccnews.com.ar\/prensa\/del-surtidor-a-la-internet-de-las-cosas-como-la-tecnologia-cambiara-el-negocio-de-las-estaciones-de-servicio\/","url_meta":{"origin":9949,"position":0},"title":"Del surtidor a la Internet de las Cosas: c\u00f3mo la tecnolog\u00eda cambiar\u00e1 el negocio de las estaciones de servicio","author":"admin","date":"12 febrero, 2018","format":false,"excerpt":"Bocas de expendio inteligentes, pagos automatizados v\u00eda aplicaciones y tiendas de conveniencia verdes, son algunas de las ideas que ya est\u00e1n poniendo en pr\u00e1ctica las petroleras para captar a los clientes y mejorar la experiencia de usuario. Las teor\u00edas m\u00e1s aceptadas con respecto a la formaci\u00f3n del petr\u00f3leo en la\u2026","rel":"","context":"En \u00abTransformaci\u00f3n digital\u00bb","block_context":{"text":"Transformaci\u00f3n digital","link":"http:\/\/ccnews.com.ar\/prensa\/category\/transformacion-digital\/"},"img":{"alt_text":"","src":"https:\/\/i0.wp.com\/ccnews.com.ar\/prensa\/wp-content\/uploads\/2018\/01\/tecno_via-de-expendio-2.jpg?fit=740%2C755&resize=350%2C200","width":350,"height":200,"srcset":"https:\/\/i0.wp.com\/ccnews.com.ar\/prensa\/wp-content\/uploads\/2018\/01\/tecno_via-de-expendio-2.jpg?fit=740%2C755&resize=350%2C200 1x, https:\/\/i0.wp.com\/ccnews.com.ar\/prensa\/wp-content\/uploads\/2018\/01\/tecno_via-de-expendio-2.jpg?fit=740%2C755&resize=525%2C300 1,5x, https:\/\/i0.wp.com\/ccnews.com.ar\/prensa\/wp-content\/uploads\/2018\/01\/tecno_via-de-expendio-2.jpg?fit=740%2C755&resize=700%2C400 2x"},"classes":[]},{"id":4961,"url":"http:\/\/ccnews.com.ar\/prensa\/en-ypf-confian-en-que-repuntara-la-produccion-petrolera\/","url_meta":{"origin":9949,"position":1},"title":"En YPF conf\u00edan en que repuntar\u00e1 la producci\u00f3n petrolera","author":"CLUSTERciar","date":"18 agosto, 2017","format":false,"excerpt":"El presidente de YPF, Miguel \u00c1ngel Guti\u00e9rrez, consider\u00f3 ayer que la producci\u00f3n de petr\u00f3leo en el pa\u00eds toc\u00f3 su nivel m\u00e1s bajo, pero asegur\u00f3 que, tras un \"proceso de ajuste\" de las compa\u00f1\u00edas, el n\u00famero de pozos aumentar\u00e1 e impulsar\u00e1 la producci\u00f3n de crudo hacia el a\u00f1o pr\u00f3ximo. \"Para m\u00ed,\u2026","rel":"","context":"En \u00abManagement\u00bb","block_context":{"text":"Management","link":"http:\/\/ccnews.com.ar\/prensa\/category\/management\/"},"img":{"alt_text":"","src":"https:\/\/i0.wp.com\/ccnews.com.ar\/prensa\/wp-content\/uploads\/2017\/08\/ypf080817.jpg?fit=250%2C250&resize=350%2C200","width":350,"height":200},"classes":[]},{"id":6055,"url":"http:\/\/ccnews.com.ar\/prensa\/ypf-presento-sus-planes-en-wall-street\/","url_meta":{"origin":9949,"position":2},"title":"YPF present\u00f3 sus planes en Wall Street","author":"CLUSTERciar","date":"16 noviembre, 2017","format":false,"excerpt":"La compa\u00f1\u00eda particip\u00f3 del Investor Day y su presidente, Miguel Guti\u00e9rrez, mostr\u00f3 su programa a cinco a\u00f1os La petrolera YPF particip\u00f3 ayer en la Bolsa de Nueva York, del Investor day, un evento en el cual el presidente de la compa\u00f1\u00eda Miguel Guti\u00e9rrez, junto a la alta gerencia de la\u2026","rel":"","context":"En \u00abManagement\u00bb","block_context":{"text":"Management","link":"http:\/\/ccnews.com.ar\/prensa\/category\/management\/"},"img":{"alt_text":"","src":"https:\/\/i0.wp.com\/ccnews.com.ar\/prensa\/wp-content\/uploads\/2017\/11\/ypf261017.jpg?fit=250%2C250&resize=350%2C200","width":350,"height":200},"classes":[]},{"id":1087,"url":"http:\/\/ccnews.com.ar\/prensa\/para-el-nuevo-ceo-ypf-debe-vender-algunos-activos\/","url_meta":{"origin":9949,"position":3},"title":"Para el nuevo CEO, YPF debe vender algunos activos","author":"CLUSTERciar","date":"13 agosto, 2016","format":false,"excerpt":"Darr\u00e9 dijo que no se puede ser bueno en todo y que hay que concentrarse en el negocio principal. En su primera presentaci\u00f3n ante los analistas, el nuevo CEO de YPF, Ricardo Darr\u00e9\u00a0dio precisiones sobre qu\u00e9 planea para el futuro de la principal compa\u00f1\u00eda petrolera del pa\u00eds. El ejecutivo, un\u2026","rel":"","context":"En \u00abSustentabilidad\u00bb","block_context":{"text":"Sustentabilidad","link":"http:\/\/ccnews.com.ar\/prensa\/category\/sustentabilidad\/"},"img":{"alt_text":"Ricardo Darr\u00e9, ex Total, es el nuevo CEO de YPF  Foto: Prensa YPF","src":"https:\/\/i0.wp.com\/images.clarin.com\/ieco\/economia\/Ricardo-Total-CEO-YPF-Prensa_CLAIMA20160805_0231_28.jpg?resize=350%2C200","width":350,"height":200,"srcset":"https:\/\/i0.wp.com\/images.clarin.com\/ieco\/economia\/Ricardo-Total-CEO-YPF-Prensa_CLAIMA20160805_0231_28.jpg?resize=350%2C200 1x, https:\/\/i0.wp.com\/images.clarin.com\/ieco\/economia\/Ricardo-Total-CEO-YPF-Prensa_CLAIMA20160805_0231_28.jpg?resize=525%2C300 1,5x"},"classes":[]},{"id":14142,"url":"http:\/\/ccnews.com.ar\/prensa\/como-impacta-en-vaca-muerta-el-bombardeo-en-irak\/","url_meta":{"origin":9949,"position":4},"title":"\u00bfC\u00f3mo impacta en Vaca Muerta el bombardeo en Irak?","author":"admin","date":"4 enero, 2020","format":false,"excerpt":"La suba del petr\u00f3leo suma un factor para la discordia en la industria petrolera: el barril en Argentina no expresa el precio internacional en la venta de los combustibles, una variable que Naci\u00f3n frena para combatir la inflaci\u00f3n. El incremento del 4% en un d\u00eda coloca al crudo en 68\u2026","rel":"","context":"En \u00abEnerg\u00eda y Producci\u00f3n\u00bb","block_context":{"text":"Energ\u00eda y Producci\u00f3n","link":"http:\/\/ccnews.com.ar\/prensa\/category\/energia-y-produccion\/"},"img":{"alt_text":"","src":"https:\/\/i0.wp.com\/ccnews.com.ar\/prensa\/wp-content\/uploads\/2020\/01\/0004270377.jpg?fit=730%2C339&resize=350%2C200","width":350,"height":200,"srcset":"https:\/\/i0.wp.com\/ccnews.com.ar\/prensa\/wp-content\/uploads\/2020\/01\/0004270377.jpg?fit=730%2C339&resize=350%2C200 1x, https:\/\/i0.wp.com\/ccnews.com.ar\/prensa\/wp-content\/uploads\/2020\/01\/0004270377.jpg?fit=730%2C339&resize=525%2C300 1,5x, https:\/\/i0.wp.com\/ccnews.com.ar\/prensa\/wp-content\/uploads\/2020\/01\/0004270377.jpg?fit=730%2C339&resize=700%2C400 2x"},"classes":[]},{"id":2041,"url":"http:\/\/ccnews.com.ar\/prensa\/gyp-abre-la-puerta-a-mas-inversores-en-vaca-muerta\/","url_meta":{"origin":9949,"position":5},"title":"GyP abre la puerta a m\u00e1s inversores en Vaca Muerta","author":"CLUSTERciar","date":"24 octubre, 2016","format":false,"excerpt":"Se firm\u00f3 un acuerdo por m\u00e1s de 450 millones de d\u00f3lares. El gobernador Omar Guti\u00e9rrez firm\u00f3 ayer un acta acuerdo entre la provincia y las empresas YPF, YSUR y Gas y Petr\u00f3leo del Neuqu\u00e9n (GyP) para la ejecuci\u00f3n de dos nuevos pilotos no convencionales y nueve contratos de exploraci\u00f3n por\u2026","rel":"","context":"En \u00abManagement\u00bb","block_context":{"text":"Management","link":"http:\/\/ccnews.com.ar\/prensa\/category\/management\/"},"img":{"alt_text":"","src":"https:\/\/i0.wp.com\/ccnews.com.ar\/prensa\/wp-content\/uploads\/2016\/10\/plantilla-24.jpg?fit=770%2C433&resize=350%2C200","width":350,"height":200,"srcset":"https:\/\/i0.wp.com\/ccnews.com.ar\/prensa\/wp-content\/uploads\/2016\/10\/plantilla-24.jpg?fit=770%2C433&resize=350%2C200 1x, https:\/\/i0.wp.com\/ccnews.com.ar\/prensa\/wp-content\/uploads\/2016\/10\/plantilla-24.jpg?fit=770%2C433&resize=525%2C300 1,5x, https:\/\/i0.wp.com\/ccnews.com.ar\/prensa\/wp-content\/uploads\/2016\/10\/plantilla-24.jpg?fit=770%2C433&resize=700%2C400 2x"},"classes":[]}],"jetpack_sharing_enabled":true,"_links":{"self":[{"href":"http:\/\/ccnews.com.ar\/prensa\/wp-json\/wp\/v2\/posts\/9949","targetHints":{"allow":["GET"]}}],"collection":[{"href":"http:\/\/ccnews.com.ar\/prensa\/wp-json\/wp\/v2\/posts"}],"about":[{"href":"http:\/\/ccnews.com.ar\/prensa\/wp-json\/wp\/v2\/types\/post"}],"author":[{"embeddable":true,"href":"http:\/\/ccnews.com.ar\/prensa\/wp-json\/wp\/v2\/users\/1"}],"replies":[{"embeddable":true,"href":"http:\/\/ccnews.com.ar\/prensa\/wp-json\/wp\/v2\/comments?post=9949"}],"version-history":[{"count":3,"href":"http:\/\/ccnews.com.ar\/prensa\/wp-json\/wp\/v2\/posts\/9949\/revisions"}],"predecessor-version":[{"id":9959,"href":"http:\/\/ccnews.com.ar\/prensa\/wp-json\/wp\/v2\/posts\/9949\/revisions\/9959"}],"wp:featuredmedia":[{"embeddable":true,"href":"http:\/\/ccnews.com.ar\/prensa\/wp-json\/wp\/v2\/media\/9953"}],"wp:attachment":[{"href":"http:\/\/ccnews.com.ar\/prensa\/wp-json\/wp\/v2\/media?parent=9949"}],"wp:term":[{"taxonomy":"category","embeddable":true,"href":"http:\/\/ccnews.com.ar\/prensa\/wp-json\/wp\/v2\/categories?post=9949"},{"taxonomy":"post_tag","embeddable":true,"href":"http:\/\/ccnews.com.ar\/prensa\/wp-json\/wp\/v2\/tags?post=9949"}],"curies":[{"name":"wp","href":"https:\/\/api.w.org\/{rel}","templated":true}]}}