{"id":9967,"date":"2019-01-16T08:57:58","date_gmt":"2019-01-16T11:57:58","guid":{"rendered":"http:\/\/ccnews.com.ar\/prensa\/?p=9967"},"modified":"2019-01-16T08:57:58","modified_gmt":"2019-01-16T11:57:58","slug":"la-gran-megaconstruccion-espanola-es-esta-central-reversible-que-vera-la-luz-en-canarias","status":"publish","type":"post","link":"http:\/\/ccnews.com.ar\/prensa\/la-gran-megaconstruccion-espanola-es-esta-central-reversible-que-vera-la-luz-en-canarias\/","title":{"rendered":"La gran &#8216;megaconstrucci\u00f3n&#8217; espa\u00f1ola es esta central reversible que ver\u00e1 la luz en Canarias"},"content":{"rendered":"<h2 class=\"news-header-opening-txt\">La hidroel\u00e9ctrica reversible de Soria-Chira comenzar\u00e1 las obras en 2019 tras muchos a\u00f1os de burocracia e incertidumbre. Visitamos el emplazamiento con los ingenieros encargados de construirla<\/h2>\n<p>Vivir en las Islas Canarias tiene muchas ventajas, algunas tan obvias como el clima, otras tan rec\u00f3nditas como las papas &#8216;yema de huevo&#8217; con\u00a0<a href=\"https:\/\/es.wikipedia.org\/wiki\/Almogrote\" target=\"_blank\" rel=\"noopener\">almogrote<\/a>. Pero como su propio nombre indica, las islas est\u00e1n aisladas y esto plantea problemas para los que hasta ahora no hab\u00eda soluci\u00f3n. Por ejemplo, todo canario previsor guarda\u00a0<strong>velas en su cocina\u00a0<\/strong>para los\u00a0<a href=\"https:\/\/www.eldiario.es\/canariasahora\/politica\/PSOE-Gobierno-Canarias-investigacion-modificaciones_0_795470561.html\" target=\"_blank\" rel=\"noopener\">incordiosos cortes de luz<\/a>, especialmente en las islas m\u00e1s peque\u00f1as.<\/p>\n<p>En islas donde todo depende de una sola central \u2014habitualmente son t\u00e9rmicas que funcionan con fuel o gasoil importado\u2014\u00a0<strong>cualquier incidente puede dejar sin electricidad\u00a0<\/strong>a la mitad de la poblaci\u00f3n.<\/p>\n<p>Para solventar esto, la peque\u00f1a isla de El Hierro\u00a0<strong>puso en marcha hace cinco a\u00f1os el proyecto\u00a0<a href=\"http:\/\/www.goronadelviento.es\/\" target=\"_blank\" rel=\"noopener\">Gorona del Viento<\/a><\/strong>, consistente en dos balsas que aprovechan la energ\u00eda e\u00f3lica sobrante para bombear agua entre una y otra activando una peque\u00f1a turbina que produce electricidad. La introducci\u00f3n de las renovables ha ido aumentando a\u00f1os tras a\u00f1o y, durante 2018, esta central hidroe\u00f3lica\u00a0<strong>produjo el 56% de toda la energ\u00eda<\/strong>\u00a0que necesitaron sus habitantes. Durante 18 d\u00edas seguidos, la isla fue capaz de funcionar \u00edntegramente con la energ\u00eda limpia de la central hidroe\u00f3lica.<\/p>\n<div id=\"smartIntxt\"><\/div>\n<div class=\"articlephoto news-width-text\">\n<figure class=\"news-img-figure\"><img data-recalc-dims=\"1\" loading=\"lazy\" decoding=\"async\" class=\"news-img-def \" src=\"https:\/\/i0.wp.com\/www.ecestaticos.com\/image\/clipping\/654\/aa67404e1de3e64bef5a7b804b1aeb51\/imagen-sin-titulo.jpg?resize=654%2C436&#038;ssl=1\" alt=\"El dep\u00f3sito de agua superior de Gorona del Viento, en El Hierro\" width=\"654\" height=\"436\" \/><figcaption class=\"news-img-caption-def\">El dep\u00f3sito de agua superior de Gorona del Viento, en El Hierro<\/figcaption><\/figure>\n<\/div>\n<p>En comparaci\u00f3n, en la cercana La Gomera, el 99,3% de la electricidad el a\u00f1o pasado procedi\u00f3 de hidrocarburos importados.<\/p>\n<p>Con este modelo en mente comenz\u00f3 a andar el proyecto de Chira-Soria en Gran Canaria, la futura central hidroel\u00e9ctrica reversible y subterr\u00e1nea que espera poner su primera piedra en los pr\u00f3ximos meses, y que est\u00e1 construyendo Red El\u00e9ctrica de Espa\u00f1a (REE). Con m\u00e1s de 300 millones de euros de presupuesto, es la\u00a0<strong>obra de ingenier\u00eda civil m\u00e1s grande\u00a0<\/strong>que se realizar\u00e1 en Espa\u00f1a en los pr\u00f3ximos a\u00f1os, pero casi nadie habla a\u00fan de ella.<\/p>\n<p>En parte, porque los canariones llevan ya a\u00f1os oyendo hablar de su llegada sin que esta llegue nunca a concretarse. &#8220;Creo que la\u00a0<strong>primera vez que escuch\u00e9 hablar del proyecto<\/strong>\u00a0fue alrededor de 1995&#8243;, recuerda\u00a0<a href=\"https:\/\/es.linkedin.com\/in\/agust%C3%ADn-marrero-quevedo-141b1b95\" target=\"_blank\" rel=\"noopener\">Agust\u00edn Marrero<\/a>, uno de los ingenieros que hizo posible el &#8216;milagro renovable&#8217; de Gorona del Viento y que ahora est\u00e1 implicado en la de Chira-Soria. En comparaci\u00f3n con esta, el proyecto herre\u00f1o es un juguete. &#8220;Algo as\u00ed aqu\u00ed apenas servir\u00eda para alimentar de luz a San Mateo&#8221;, una poblaci\u00f3n de 7.600 habitantes en el interior de la isla.<\/p>\n<p>Desde el Gobierno de Canarias tambi\u00e9n lanzan el mensaje de la distancia sideral entre ambas centrales: &#8220;No son comparables y por tanto\u00a0<strong>no podemos esperar lo mismo<\/strong>\u00a0de cada una&#8221;, explica a Teknautas el Consejero de Industria, Pedro Ortega. &#8220;Gorona del Viento se basa en la generaci\u00f3n hidroe\u00f3lica y Chira-Soria es una pila de almacenamiento de energ\u00eda&#8221;.<\/p>\n<p>Gran Canaria es siete veces m\u00e1s grande que El Hierro en extensi\u00f3n, tiene 80 veces su poblaci\u00f3n y un sistema el\u00e9ctrico 70 veces mayor. Pero en ingenier\u00eda,\u00a0<strong>escalar un proyecto no es tan simple<\/strong>\u00a0como hacerlo igual pero m\u00e1s grande. Chira-Soria exigir\u00e1 mucha m\u00e1s capacidad, precisi\u00f3n e innovaciones tecnol\u00f3gicas que a d\u00eda de hoy no han sido plenamente desarrolladas.<\/p>\n<div class=\"articlephoto news-width-text\">\n<figure class=\"news-img-figure\"><img data-recalc-dims=\"1\" loading=\"lazy\" decoding=\"async\" class=\"news-img-def \" src=\"https:\/\/i0.wp.com\/www.ecestaticos.com\/image\/clipping\/654\/a003e1dca374abab3c3ced913fe9fc02\/imagen-sin-titulo.jpg?resize=654%2C368&#038;ssl=1\" alt=\"Infograf\u00eda del proyecto de la central hidroel\u00e9ctrica reversible. (REE)\" width=\"654\" height=\"368\" \/><figcaption class=\"news-img-caption-def\">Infograf\u00eda del proyecto de la central hidroel\u00e9ctrica reversible. (REE)<\/figcaption><\/figure>\n<\/div>\n<p>La futura central hidroel\u00e9ctrica reversible funcionar\u00e1 de la siguiente manera: por la noche, cuando m\u00e1s sople el viento en el sur de la isla, la electricidad sobrante de los aerogeneradores servir\u00e1 para bombear agua desde el\u00a0<a href=\"https:\/\/es.wikipedia.org\/wiki\/Embalse_de_Soria\" target=\"_blank\" rel=\"noopener\">embalse de Soria<\/a>, a 600 metros sobre el nivel del mar, hasta el de Chira, situado otros 300 metros m\u00e1s arriba. Entre uno y otro estar\u00e1 la central, excavada a 400 metros bajo el pantano superior en una caverna que los ingenieros de la obra\u00a0<strong>ya conocen como La Catedral<\/strong>, b\u00e1sicamente porque la\u00a0<a href=\"https:\/\/es.wikipedia.org\/wiki\/Catedral_de_Canarias\" target=\"_blank\" rel=\"noopener\">Bas\u00edlica de Santa Ana<\/a>en Las Palmas, con sus 40 metros de altura, cabr\u00eda perfectamente dentro.<\/p>\n<p dir=\"ltr\">&#8220;Es la mayor obra de ingenier\u00eda civil que se va a hacer en Espa\u00f1a en los pr\u00f3ximos a\u00f1os&#8221;, explica a este peri\u00f3dico Andr\u00e9s Zapico, director del proyecto. &#8220;Ni siquiera\u00a0<strong>ninguna de las partes del futuro Corredor Mediterr\u00e1neo son comparables<\/strong>\u00a0en tama\u00f1o o complejidad&#8221;.<\/p>\n<p>La central integrar\u00e1 tanto bombas para impulsar el agua hacia Chira como turbinas para convertir en electricidad la que baja hasta Soria. A diferencia de El Hierro, aqu\u00ed todo circular\u00e1 por el mismo conducto, un\u00a0<strong>t\u00fanel vertical de 300 metros de largo y cinco de di\u00e1metro<\/strong>\u00a0que genera pesadillas log\u00edsticas a todos los que lo est\u00e1n construyendo.<\/p>\n<p><span class=\"summary block-summary quote-on\">Esta es una de esas &#8216;megaconstrucciones&#8217; que vemos en los canales de televisi\u00f3n norteamericanos<\/span><\/p>\n<p>&#8220;Esta\u00a0<strong>es una de esas &#8216;megaconstrucciones&#8217;<\/strong>\u00a0que vemos en los canales de televisi\u00f3n norteamericanos&#8221;, explica a Teknautas Daniel P\u00e9rez Varela, director de infraestructuras en Canarias de Red El\u00e9ctrica de Espa\u00f1a. &#8220;He estado antes en otras empresas, he construido centrales t\u00e9rmicas y la obra de Soria-Chira es sin duda lo m\u00e1s complejo en lo que he participado nunca&#8221;.<\/p>\n<p>Tras un \u00faltimo modificado, Red El\u00e9ctrica est\u00e1 ahora a la espera de una Declaraci\u00f3n de Impacto Ambiental positiva para dar el pistoletazo de salida a la obra. Lo primero que se construir\u00e1 ser\u00e1 una planta desalinizadora en Arguinegu\u00edn, junto a la playa. Durante los aproximadamente tres a\u00f1os de construcci\u00f3n de la central, la desalinizadora\u00a0<strong>bombear\u00e1 minuciosamente agua dulce hacia Soria<\/strong>\u00a0a raz\u00f3n de 5.000 metros c\u00fabicos diarios con la idea de que, cuando la planta sea inaugurada, los pantanos est\u00e9n moderadamente llenos sin que los numerosos regantes que pueblan los alrededores se resientan por la actividad de este circuito cerrado.<\/p>\n<h4>Cuesta arriba y sin frenos<\/h4>\n<p>El coche avanza fatigosamente por la estrecha y sinuosa carretera que conecta Arguinegu\u00edn con el pantano. La carretera sirve pr\u00e1cticamente para esparcimiento de ciclistas, principalmente extranjeros, que se aventuran a subir hasta la cumbre en un d\u00eda entre semana. En teor\u00eda, por alg\u00fan sitio tendr\u00e1n que circular los\u00a0<strong>camiones cargados de tierra que hagan el hueco<\/strong>\u00a0para la central, pero no ser\u00e1 por esta v\u00eda sino por un futuro t\u00fanel que conectar\u00e1 el mundo exterior con el interior de La Catedral.<\/p>\n<p>Ascender los 600 metros de altura hasta la presa de Soria lleva su tiempo, pero una vez el est\u00f3mago se asienta, la panor\u00e1mica compensa. En principio, cuando todo sea una realidad, el paisaje no distar\u00e1 demasiado de este ya que casi todo estar\u00e1 bajo tierra. Las turbinas producir\u00e1n m\u00e1s de 200MW, lo que en teor\u00eda ser\u00e1 capaz de cubrir casi el 40% de la demanda m\u00e1xima de energ\u00eda de Gran Canaria.<\/p>\n<div class=\"articlephoto news-width-text\">\n<figure class=\"news-img-figure\"><img data-recalc-dims=\"1\" loading=\"lazy\" decoding=\"async\" class=\"news-img-def \" src=\"https:\/\/i0.wp.com\/www.ecestaticos.com\/image\/clipping\/654\/23e4d22dd0d438bd8957264b0df767cd\/imagen-sin-titulo.jpg?resize=654%2C444&#038;ssl=1\" alt=\"El embalse de Soria visto desde la presa. (Antonio Calvo Roy)\" width=\"654\" height=\"444\" \/><figcaption class=\"news-img-caption-def\">El embalse de Soria visto desde la presa. (Antonio Calvo Roy)<\/figcaption><\/figure>\n<\/div>\n<p>El embalse de Soria, con sus riscos y sus recodos, recuerda a uno de esos paisajes del R\u00edo Bravo. A diferencia de Chira, este pantano casi nunca ha sobrepasado el 50% de su capacidad desde que fuera\u00a0<strong>construido &#8220;bajo el signo de Franco&#8221;<\/strong>, como recuerda una placa de cemento. Eso lo hace ideal para esta iniciativa energ\u00e9tica. Al estar sobredimensionado de origen, sumarse o restarse capacidad c\u00edclicamente no afectar\u00e1 ni a su estructura ni a su funci\u00f3n para nutrir a los regantes.<\/p>\n<p>&#8220;Adem\u00e1s, toda el agua que se drene por la corriente subterr\u00e1nea\u00a0<strong>acabar\u00e1 en el acu\u00edfero<\/strong>&#8220;, apunta Zapico.<\/p>\n<h4>La larga y controvertida historia<\/h4>\n<p>Pese a lo innovador de la central y las prometidas bondades que tendr\u00e1 sobre la sostenibilidad del sistema el\u00e9ctrico en Canarias y su menor dependencia del petr\u00f3leo extranjero,\u00a0<strong>no todo el mundo est\u00e1 igual de entusiasmado<\/strong>.<\/p>\n<p>El pasado mes de mayo, Fernando Ba\u00f1olas, consejero de Coalici\u00f3n Canaria en el Cabildo de Gran Canaria, coincidi\u00f3 con Podemos en que el proyecto de la central hidroel\u00e9ctrica les\u00a0<strong>generaba una sensaci\u00f3n de &#8220;bichamiento&#8221;<\/strong>, es decir, que la reluciente manzana conten\u00eda un gusano.<\/p>\n<div class=\"htmlWrapper\">\n<div class=\"SandboxRoot env-bp-350\" data-twitter-event-id=\"0\">\n<div id=\"twitter-widget-0\" class=\"EmbeddedTweet EmbeddedTweet--cta EmbeddedTweet--mediaForward media-forward js-clickToOpenTarget js-tweetIdInfo tweet-InformationCircle-widgetParent\" lang=\"es\" data-click-to-open-target=\"https:\/\/twitter.com\/fernandobagc\/status\/1001064428010442752\" data-iframe-title=\"Tweet de Twitter\" data-scribe=\"page:tweet\" data-tweet-id=\"1001064428010442752\" data-twitter-event-id=\"1\">\n<article class=\"MediaCard\n           MediaCard--mediaForward\n\n           customisable-border\" dir=\"ltr\" data-scribe=\"component:card\"><\/p>\n<div class=\"MediaCard-media\" data-scribe=\"element:photo\">\n<div class=\"MediaCard-widthConstraint js-cspForcedStyle\" data-style=\"max-width: 1200px\">\n<div class=\"MediaCard-mediaContainer js-cspForcedStyle\" data-style=\"padding-bottom: 75.0000%\"><a class=\"MediaCard-mediaAsset NaturalImage\" href=\"https:\/\/twitter.com\/fernandobagc\/status\/1001064428010442752\/photo\/1\"><img loading=\"lazy\" decoding=\"async\" class=\"NaturalImage-image\" title=\"Ver imagen en Twitter\" src=\"https:\/\/pbs.twimg.com\/media\/DeR-refX0AAJ9Ir?format=jpg&amp;name=small\" alt=\"Ver imagen en Twitter\" width=\"1200\" height=\"900\" data-image=\"https:\/\/pbs.twimg.com\/media\/DeR-refX0AAJ9Ir\" \/><\/a><\/div>\n<\/div>\n<\/div>\n<\/article>\n<div class=\"EmbeddedTweet-tweetContainer\"><\/div>\n<div class=\"tweet-InformationCircle--top tweet-InformationCircle\" data-scribe=\"element:notice\"><\/div>\n<\/div>\n<\/div>\n<\/div>\n<p>El proyecto es, en su concepci\u00f3n, pol\u00e9mico. En 2016, el Ministerio de Industria, Energ\u00eda y Turismo introdujo en las islas un cupo e\u00f3lico de 436 megavatios que permiti\u00f3 la entrada de m\u00faltiples actores como Gas Natural, Iberdrola o Gamesa en un terreno de juego que\u00a0<strong>durante d\u00e9cadas hab\u00eda sido un monopolio exclusivo<\/strong>\u00a0de Unelco (m\u00e1s tarde adquirida por Endesa), quien opera las centrales t\u00e9rmicas que abastecen a las Canarias.<\/p>\n<p>Cuando en 2011 se abri\u00f3 un concurso para hacerse cargo de la obra, a iniciativa del Cabildo de Gran Canaria,\u00a0<a href=\"https:\/\/www.eldiario.es\/canariasahora\/politica\/proyecto-presas-Chira-Soria-marcha_0_151185228.html\" target=\"_blank\" rel=\"noopener\">Unelco-Endesa se llev\u00f3 el gato al agua<\/a>al ser la \u00fanica empresa que se present\u00f3. Por entonces la central<strong>\u00a0iba a ser una generadora de energ\u00eda hidr\u00e1ulica<\/strong>, pero el proyecto se eterniz\u00f3 entre quejas de que lo \u00fanico que la concesionaria pretend\u00eda era evitar la entrada de renovables en la isla para no perder su cuota de mercado.<\/p>\n<div class=\"articlephoto news-width-text\">\n<figure class=\"news-img-figure\"><img data-recalc-dims=\"1\" loading=\"lazy\" decoding=\"async\" class=\"news-img-def \" src=\"https:\/\/i0.wp.com\/www.ecestaticos.com\/image\/clipping\/654\/1f03b09391adabe1de49ffd63535e8fe\/imagen-sin-titulo.jpg?resize=654%2C529&#038;ssl=1\" alt=\"La presa de Soria, en Gran Canaria. (Antonio Calvo Roy)\" width=\"654\" height=\"529\" \/><figcaption class=\"news-img-caption-def\">La presa de Soria, en Gran Canaria. (Antonio Calvo Roy)<\/figcaption><\/figure>\n<\/div>\n<p>Sin embargo, en 2013 toda la situaci\u00f3n sufri\u00f3 un vuelco cuando el Ministerio dirigido por Jos\u00e9 Manuel Soria public\u00f3 en el BOE la Ley de Garant\u00eda de Suministro e Incremento de la Competencia de los Sistemas El\u00e9ctricos Insulares y Extrapeninsulares. Esto se tradujo, en resumidas cuentas, en que la concesi\u00f3n pasaba de Unelco-Endesa a Red El\u00e9ctrica y\u00a0<strong>el proyecto, en lugar de generar energ\u00eda, se centrar\u00eda en almacenarla<\/strong>, como una gran pila concentrada en un embalse a 900 metros de altura. Las negociaciones entre ambas se demoraron a\u00fan varios meses m\u00e1s, hasta que en 2015 Endesa cedi\u00f3 y subrog\u00f3 el proyecto.<\/p>\n<p>&#8220;Dadas las dimensiones del proyecto, la tramitaci\u00f3n es sumamente compleja ya que implica no solo a diferentes administraciones, sino tambi\u00e9n a la sociedad en general&#8221;, precisa Ortega, &#8220;sin embargo, estamos convencidos de que\u00a0<strong>el inicio de las obras tendr\u00e1 lugar este a\u00f1o<\/strong>\u00a0y que, finalmente, Chira-Soria ver\u00e1 la luz antes de 2025, lo que garantizar\u00e1 nuestro objetivo de alcanzar un 45% de penetraci\u00f3n de renovables ese a\u00f1o&#8221;.<\/p>\n<p>C\u00f3mo una central que produce energ\u00eda hidroel\u00e9ctrica a partir de la e\u00f3lica no est\u00e1 considerada una generadora de energ\u00eda es algo que\u00a0<strong>mucha gente en la isla no alcanza a entender del todo bien<\/strong>. Miguel Montero, consejero de Podemos en el Cabildo, insist\u00eda hasta hace poco en\u00a0<a href=\"https:\/\/www.eldiario.es\/canariasahora\/sociedad\/central-hidroelectrica-Chira-Soria-obra-empieza_0_811918812.html\" target=\"_blank\" rel=\"noopener\">rehacer de nuevo el proyecto<\/a>\u00a0para volver a convertirlo en &#8220;una central que venda energ\u00eda a la red&#8221;.<\/p>\n<p><span class=\"summary block-summary\">Mucha gente en la isla no alcanza a entender bien c\u00f3mo una central que produce electricidad no se considera generadora de energ\u00eda<\/span><\/p>\n<p>P\u00e9rez Varela lo explica diciendo que &#8220;no es generaci\u00f3n de energ\u00eda porque, en general, estas centrales son\u00a0<strong>consumidores netos<\/strong>&#8220;, debido a que el gasto de electricidad que supone el bombeo y la turbinaci\u00f3n har\u00e1 que, con la presencia de Chira-Soria, el consumo de energ\u00eda en la isla sea mayor que sin la central.<\/p>\n<p>Adem\u00e1s, &#8220;la instalaci\u00f3n tiene como finalidades principales la maximizaci\u00f3n de la integraci\u00f3n de energ\u00eda renovable, la seguridad del sistema y la garant\u00eda del suministro, es un\u00a0<strong>prop\u00f3sito diferente a las centrales de bombeo<\/strong>tradicionales&#8221;, insiste.<\/p>\n<h4>Anticiparse al viento<\/h4>\n<p>Preparar una ecuaci\u00f3n en la que una de las inc\u00f3gnitas es el viento es muy complicado, b\u00e1sicamente porque a veces el viento dice basta, deja de soplar y deja en la intemperie a una central que se est\u00e1 encargando de\u00a0<strong>bombear miles de litros de agua por una enorme ca\u00f1er\u00eda vertical<\/strong>. Es decir, la variaci\u00f3n puede pasar en cuesti\u00f3n de minutos de -200MW (el viento sopla a toda potencia y no es necesario gastar ni un \u00e1pice de electricidad de las turbinas) a 200MW (el viento frena de repente y hay que poner la maquinaria a toda potencia para compensarlo).<\/p>\n<p>Lo que habr\u00e1 dentro de La Caverna ser\u00e1n cuatro pisos de m\u00e1quinas y ca\u00f1er\u00edas engarzadas por grupos hidr\u00e1ulicos reversibles, m\u00e1quinas s\u00edncronas, convertidores electr\u00f3nicos de potencia o un esquema el\u00e9ctrico flexible que permitan operar en lo que se conoce como &#8220;<strong>cortocircuito hidr\u00e1ulico<\/strong>&#8220;, es decir, que el bombeo y la turbinaci\u00f3n puedan funcionar simult\u00e1neamente en distintos grados de rendimiento.<\/p>\n<p><span class=\"summary block-summary\">Con el &#8220;cortocircuito hidr\u00e1ulico&#8221; el bombeo y la turbinaci\u00f3n pueden funcionar simult\u00e1neamente en distintos grados de rendimiento<\/span><\/p>\n<p>Pero quiz\u00e1 la principal innovaci\u00f3n t\u00e9cnica de la futura &#8216;megaconstrucci\u00f3n&#8217; es que todo el proyecto est\u00e1 siendo dise\u00f1ado mediante\u00a0<a href=\"https:\/\/en.wikipedia.org\/wiki\/Virtual_design_and_construction\" target=\"_blank\" rel=\"noopener\">VDC<\/a>\u00a0(en ingl\u00e9s, Virtual Design and Construction), es decir,\u00a0<strong>mediante un modelo 3D<\/strong>\u00a0donde las decenas de personas que trabajan en la construcci\u00f3n pueden intervenir y que se va actualizando con cada cambio.<\/p>\n<p>Un ejemplo. Cuando una vez recogido el testigo del proyecto hicieron una campa\u00f1a geot\u00e9cnica extra para auscultar el terreno donde, 400 metros m\u00e1s abajo, iba a estar La Catedral, se dieron cuenta de que exist\u00edan algunos riesgos \u2014es decir, mayores costes y plazos y problemas a solventar\u2014 si la ubicaban en el emplazamiento original. En resumen, hubo que cambiarlo todo y\u00a0<strong>enviar la central unos cuantos cientos de metros m\u00e1s all\u00e1<\/strong>, bajo el coraz\u00f3n de la monta\u00f1a, lo que significaba volver a estudiarlo todo, hasta el \u00faltimo recodo de ca\u00f1er\u00eda, para ver si se adaptaba al nuevo lugar.<\/p>\n<p>&#8220;Esto, a un estudio de ingenier\u00eda normal, le habr\u00eda llevado entre seis meses y un a\u00f1o&#8221;, reconoce P\u00e9rez Varela. &#8220;Pero con el &#8216;software&#8217; pudimos tenerlo listo en menos de tres semanas&#8221;.<\/p>\n<div class=\"articlephoto news-width-text\">\n<figure class=\"news-img-figure\"><img data-recalc-dims=\"1\" loading=\"lazy\" decoding=\"async\" class=\"news-img-def \" src=\"https:\/\/i0.wp.com\/www.ecestaticos.com\/image\/clipping\/654\/d18f6bba045afb5284f63ccb52d0b748\/imagen-sin-titulo.jpg?resize=654%2C476&#038;ssl=1\" alt=\"Andr\u00e9s Zapico, director del proyecto. (A.C.R.)\" width=\"654\" height=\"476\" \/><figcaption class=\"news-img-caption-def\">Andr\u00e9s Zapico, director del proyecto. (A.C.R.)<\/figcaption><\/figure>\n<\/div>\n<p>Otro factor clave entrar\u00e1 en juego una vez que Chira-Soria sea una realidad. &#8220;Es la primera vez que una obra de esta magnitud se construye con este sistema&#8221;, explica Zapico. &#8220;Podr\u00edas incluso\u00a0<strong>seleccionar hasta la \u00faltima tuerca de la central<\/strong>\u00a0y conocer al momento el fabricante, cu\u00e1ndo se instal\u00f3, sus instrucciones de montaje o el hist\u00f3rico de mantenimiento. En el caso de una bombilla, podr\u00edas saber cu\u00e1l es su vida \u00fatil y, en el momento en el que toque sustituirla, llegar directamente con el mismo modelo y cambiarla&#8221;, a\u00f1ade.<\/p>\n<div class=\"articlephoto news-width-text\">\n<figure class=\"news-img-figure\"><img data-recalc-dims=\"1\" loading=\"lazy\" decoding=\"async\" class=\"news-img-def \" src=\"https:\/\/i0.wp.com\/www.ecestaticos.com\/image\/clipping\/654\/098bfc2ef234e6a8e3d9f2fb4a892219\/imagen-sin-titulo.jpg?resize=654%2C450&#038;ssl=1\" alt=\"El sistema VDC permite explorar el modelo de la central en realidad virtual. (A.C.R.)\" width=\"654\" height=\"450\" \/><figcaption class=\"news-img-caption-def\">El sistema VDC permite explorar el modelo de la central en realidad virtual. (A.C.R.)<\/figcaption><\/figure>\n<\/div>\n<p>Cuando la central est\u00e9 finalmente terminada llegar\u00e1 el momento de mirar hacia la otra gran isla del archipi\u00e9lago, Tenerife, donde ya\u00a0<strong>se han identificado unas 60 ubicaciones<\/strong>\u00a0que podr\u00edan albergar otro de estos saltos. Pero dado lo largo que se est\u00e1 haciendo el sue\u00f1o de Chira-Soria mejor dejamos este tema para otra temporada de &#8216;Megaconstrucciones&#8217;.<\/p>\n<h4>Postdata<\/h4>\n<p>Hace unos meses que Tesla, la empresa de Elon Musk, desarrolla en Australia el proyecto Powerpack: una serie de\u00a0bater\u00edas gigantes que almacenan 100MW de energ\u00eda\u00a0procedente de una granja e\u00f3lica, aproximadamente la mitad de lo que almacenar\u00e1 el proyecto de Red El\u00e9ctrica de Espa\u00f1a en Gran Canaria. El coste, adem\u00e1s, fue de unos 56 millones de euros frente a los m\u00e1s de 300 que costar\u00e1 Chira-Soria, por lo que obviamente muchos grancanarios se preguntan &#8220;<strong>\u00bfpor qu\u00e9 no?<\/strong>&#8220;.<\/p>\n<p>Actualmente, hay en Canarias varias iniciativas probando dispositivos como ultracondensadores, bater\u00edas de IonLi o volantes de inercia, y la de las bater\u00edas es una opci\u00f3n que se ha barajado en otros casos, pero no en el de la central reversible grancanaria. &#8220;La tecnolog\u00eda no est\u00e1 madura,\u00a0<strong>no conocemos bater\u00edas que duren m\u00e1s de diez o quince a\u00f1os<\/strong>, por lo que probablemente en una d\u00e9cada se requerir\u00eda una inversi\u00f3n importante&#8221;, explica P\u00e9rez Varela a Teknautas.<\/p>\n<div class=\"articlephoto news-width-text\">\n<figure class=\"news-img-figure\"><img data-recalc-dims=\"1\" loading=\"lazy\" decoding=\"async\" class=\"news-img-def \" src=\"https:\/\/i0.wp.com\/www.ecestaticos.com\/image\/clipping\/654\/53b1e44f8c84957c3c41087e014955be\/a-worker-walks-inside-the-compound-housing-the-hornsdale-power-reserve-featuring-the-world-s-largest-lithium-ion-battery-made-by-tesla-during-the-official-launch-near-the-south-australian-town-of-jamestown-in-australia-december-1-2017-reuters-david-gray.jpg?resize=654%2C442&#038;ssl=1\" alt=\"La Hornsdale Power Reserve de Australia del Sur que contiene la bater\u00eda de Ion Litio m\u00e1s grande del mundo. (Reuters)\" width=\"654\" height=\"442\" \/><figcaption class=\"news-img-caption-def\">La Hornsdale Power Reserve de Australia del Sur que contiene la bater\u00eda de Ion Litio m\u00e1s grande del mundo. (Reuters)<\/figcaption><\/figure>\n<\/div>\n<p>Adem\u00e1s, se\u00a0<strong>requerir\u00eda un espacio importante para instalarlas<\/strong>, que en Australia puede no ser problema pero en las escarpadas Canarias s\u00ed lo es. Por \u00faltimo, como sucede con las bater\u00edas de los tel\u00e9fonos m\u00f3viles, se recomienda\u00a0cargarlas cuando est\u00e9n a la mitad de su capacidad\u00a0(no cuando est\u00e9n muy vac\u00edas o apenas se haya gastado bater\u00eda) para evitar el deterioro del electrolito. Sin embargo, en el tipo de bater\u00edas destinadas a almacenar energ\u00eda e\u00f3lica y compensar la ca\u00edda del viento, la carga est\u00e1 entrando y saliendo continuamente, por lo que el\u00a0<strong>rendimiento de las mismas en un plazo de varios a\u00f1os<\/strong>\u00a0es incierto.<\/p>\n<p>&nbsp;<\/p>\n<p>Fuente: El Confidencial<\/p>\n<!-- AddThis Advanced Settings generic via filter on the_content -->","protected":false},"excerpt":{"rendered":"<p>La hidroel\u00e9ctrica reversible de Soria-Chira comenzar\u00e1 las obras en 2019 tras muchos a\u00f1os de burocracia e incertidumbre. Visitamos el emplazamiento<!-- AddThis Advanced Settings generic via filter on get_the_excerpt --><\/p>\n","protected":false},"author":2,"featured_media":9969,"comment_status":"closed","ping_status":"closed","sticky":false,"template":"","format":"standard","meta":{"colormag_page_container_layout":"default_layout","colormag_page_sidebar_layout":"default_layout","jetpack_post_was_ever_published":false,"_jetpack_newsletter_access":"","_jetpack_dont_email_post_to_subs":false,"_jetpack_newsletter_tier_id":0,"_jetpack_memberships_contains_paywalled_content":false,"_jetpack_memberships_contains_paid_content":false,"footnotes":"","jetpack_publicize_message":"","jetpack_publicize_feature_enabled":true,"jetpack_social_post_already_shared":true,"jetpack_social_options":{"image_generator_settings":{"template":"highway","default_image_id":0,"font":"","enabled":false},"version":2}},"categories":[3],"tags":[17],"class_list":["post-9967","post","type-post","status-publish","format-standard","has-post-thumbnail","hentry","category-sustentabilidad","tag-otros-medios"],"jetpack_publicize_connections":[],"jetpack_featured_media_url":"https:\/\/i0.wp.com\/ccnews.com.ar\/prensa\/wp-content\/uploads\/2019\/01\/imagen-sin-titulo.jpg?fit=996%2C560","jetpack_shortlink":"https:\/\/wp.me\/p7L1gj-2AL","jetpack-related-posts":[{"id":14828,"url":"http:\/\/ccnews.com.ar\/prensa\/el-tesoro-petrolero-de-malvinas\/","url_meta":{"origin":9967,"position":0},"title":"El tesoro petrolero de Malvinas","author":"admin","date":"9 marzo, 2020","format":false,"excerpt":"Con tres proyectos de ley sobre la soberan\u00eda de las islas, el presidente Alberto Fern\u00e1ndez remarc\u00f3 uno sobre la exploraci\u00f3n de crudo. Entre los temas en disputa por la soberan\u00eda de las Islas Malvinas, est\u00e1n los recursos naturales. La pesca y el petr\u00f3leo, principalmente. El presidente Alberto Fern\u00e1ndez anunci\u00f3 el\u2026","rel":"","context":"En \u00abEnerg\u00eda y Producci\u00f3n\u00bb","block_context":{"text":"Energ\u00eda y Producci\u00f3n","link":"http:\/\/ccnews.com.ar\/prensa\/category\/energia-y-produccion\/"},"img":{"alt_text":"","src":"https:\/\/i0.wp.com\/ccnews.com.ar\/prensa\/wp-content\/uploads\/2020\/03\/479.jpg?fit=850%2C479&resize=350%2C200","width":350,"height":200,"srcset":"https:\/\/i0.wp.com\/ccnews.com.ar\/prensa\/wp-content\/uploads\/2020\/03\/479.jpg?fit=850%2C479&resize=350%2C200 1x, https:\/\/i0.wp.com\/ccnews.com.ar\/prensa\/wp-content\/uploads\/2020\/03\/479.jpg?fit=850%2C479&resize=525%2C300 1,5x, https:\/\/i0.wp.com\/ccnews.com.ar\/prensa\/wp-content\/uploads\/2020\/03\/479.jpg?fit=850%2C479&resize=700%2C400 2x"},"classes":[]},{"id":13590,"url":"http:\/\/ccnews.com.ar\/prensa\/usando-montanas-para-el-almacenamiento-de-energia-a-largo-plazo\/","url_meta":{"origin":9967,"position":1},"title":"Usando monta\u00f1as para el almacenamiento de energ\u00eda a largo plazo","author":"admin","date":"17 noviembre, 2019","format":false,"excerpt":"Las bater\u00edas cada vez son menos caras y pronto podr\u00edan ofrecer una soluci\u00f3n barata a corto plazo para almacenar energ\u00eda para nuestras necesidades energ\u00e9ticas diarias. Sin embargo, las capacidades de almacenamiento a largo plazo de las bater\u00edas, por ejemplo en un ciclo anual, no ser\u00e1n econ\u00f3micamente viables. Por otro lado,\u2026","rel":"","context":"En \u00abSustentabilidad\u00bb","block_context":{"text":"Sustentabilidad","link":"http:\/\/ccnews.com.ar\/prensa\/category\/sustentabilidad\/"},"img":{"alt_text":"","src":"https:\/\/i0.wp.com\/ccnews.com.ar\/prensa\/wp-content\/uploads\/2019\/11\/Energieopslag_lead.jpg?fit=810%2C440&resize=350%2C200","width":350,"height":200,"srcset":"https:\/\/i0.wp.com\/ccnews.com.ar\/prensa\/wp-content\/uploads\/2019\/11\/Energieopslag_lead.jpg?fit=810%2C440&resize=350%2C200 1x, https:\/\/i0.wp.com\/ccnews.com.ar\/prensa\/wp-content\/uploads\/2019\/11\/Energieopslag_lead.jpg?fit=810%2C440&resize=525%2C300 1,5x, https:\/\/i0.wp.com\/ccnews.com.ar\/prensa\/wp-content\/uploads\/2019\/11\/Energieopslag_lead.jpg?fit=810%2C440&resize=700%2C400 2x"},"classes":[]},{"id":13728,"url":"http:\/\/ccnews.com.ar\/prensa\/la-postal-que-ya-no-asombra-a-nadie-vivir-entre-los-pozos-petroleros-en-neuquen\/","url_meta":{"origin":9967,"position":2},"title":"La postal que ya no asombra a nadie: vivir entre los pozos petroleros en Neuqu\u00e9n","author":"admin","date":"28 noviembre, 2019","format":false,"excerpt":"En los ejidos de Neuqu\u00e9n y Plottier son casi 200 los pozos que conviven con casas de familia en zonas regularizadas e informales. Los vecinos aseguran que no temen por su seguridad, pero reclaman mayor presencia del Estado. Hay otras zonas en la provincia. En el sector Bajo Bardas Neuqu\u00e9n\u2026","rel":"","context":"En \u00abEducaci\u00f3n\/Sociedad\u00bb","block_context":{"text":"Educaci\u00f3n\/Sociedad","link":"http:\/\/ccnews.com.ar\/prensa\/category\/educacion-sociedad\/"},"img":{"alt_text":"","src":"https:\/\/i0.wp.com\/ccnews.com.ar\/prensa\/wp-content\/uploads\/2019\/11\/petro-1.jpg?fit=920%2C517&resize=350%2C200","width":350,"height":200,"srcset":"https:\/\/i0.wp.com\/ccnews.com.ar\/prensa\/wp-content\/uploads\/2019\/11\/petro-1.jpg?fit=920%2C517&resize=350%2C200 1x, https:\/\/i0.wp.com\/ccnews.com.ar\/prensa\/wp-content\/uploads\/2019\/11\/petro-1.jpg?fit=920%2C517&resize=525%2C300 1,5x, https:\/\/i0.wp.com\/ccnews.com.ar\/prensa\/wp-content\/uploads\/2019\/11\/petro-1.jpg?fit=920%2C517&resize=700%2C400 2x"},"classes":[]},{"id":3747,"url":"http:\/\/ccnews.com.ar\/prensa\/como-es-trabajar-en-la-sede-central-de-uber-en-ee-uu-segun-la-mirada-y-la-experiencia-de-dos-argentinos\/","url_meta":{"origin":9967,"position":3},"title":"C\u00f3mo es trabajar en la sede central de Uber en EE.UU., seg\u00fan la mirada y la experiencia de dos argentinos","author":"CLUSTERciar","date":"11 abril, 2017","format":false,"excerpt":"En San Francisco, Nicol\u00e1s Garc\u00eda Belmonte y Ana Rocca dieron sus impresiones a LA NACION sobre el d\u00eda a d\u00eda en un ambiente creativo, de resultados y de alta competencia; las ventajas de formarse en Silicon Valley y de crecer en una industria en movimiento Market Street 1455, piso 4,\u2026","rel":"","context":"En \u00abManagement\u00bb","block_context":{"text":"Management","link":"http:\/\/ccnews.com.ar\/prensa\/category\/management\/"},"img":{"alt_text":"","src":"https:\/\/i0.wp.com\/ccnews.com.ar\/prensa\/wp-content\/uploads\/2017\/04\/tecnologia-2388070h540.jpg?fit=960%2C540&resize=350%2C200","width":350,"height":200,"srcset":"https:\/\/i0.wp.com\/ccnews.com.ar\/prensa\/wp-content\/uploads\/2017\/04\/tecnologia-2388070h540.jpg?fit=960%2C540&resize=350%2C200 1x, https:\/\/i0.wp.com\/ccnews.com.ar\/prensa\/wp-content\/uploads\/2017\/04\/tecnologia-2388070h540.jpg?fit=960%2C540&resize=525%2C300 1,5x, https:\/\/i0.wp.com\/ccnews.com.ar\/prensa\/wp-content\/uploads\/2017\/04\/tecnologia-2388070h540.jpg?fit=960%2C540&resize=700%2C400 2x"},"classes":[]},{"id":4527,"url":"http:\/\/ccnews.com.ar\/prensa\/pavimentos-y-edificios-descontaminantes-para-las-smartcities\/","url_meta":{"origin":9967,"position":4},"title":"Pavimentos y edificios descontaminantes para las Smartcities","author":"CLUSTERciar","date":"2 julio, 2017","format":false,"excerpt":"El impacto negativo del ser humano sobre el medioambiente est\u00e1 creciendo en los \u00faltimos a\u00f1os. De forma paralela, los m\u00e9todos, herramientas y tecnolog\u00edas que trabajan para frenar el deterioro del planeta han sufrido una profunda evoluci\u00f3n. Conceptos como Big Data, Internet de las Cosas (IoT), eMovility y, c\u00f3mo no, Smart\u2026","rel":"","context":"En \u00abSustentabilidad\u00bb","block_context":{"text":"Sustentabilidad","link":"http:\/\/ccnews.com.ar\/prensa\/category\/sustentabilidad\/"},"img":{"alt_text":"","src":"https:\/\/i0.wp.com\/ccnews.com.ar\/prensa\/wp-content\/uploads\/2017\/06\/SmartCities_2017.jpg?fit=512%2C225&resize=350%2C200","width":350,"height":200},"classes":[]},{"id":9185,"url":"http:\/\/ccnews.com.ar\/prensa\/invertir-en-educacion\/","url_meta":{"origin":9967,"position":5},"title":"Invertir en educaci\u00f3n","author":"CLUSTERciar","date":"3 noviembre, 2018","format":false,"excerpt":"La escolarizaci\u00f3n temprana redunda en el futuro rendimiento acad\u00e9mico Solo un tercio de los menores de cero a tres a\u00f1os est\u00e1n escolarizados pese a las abundantes evidencias emp\u00edricas \u2014entre ellas las investigaciones del Nobel de Econom\u00eda James Heckman\u2014 que ponen de relieve la relaci\u00f3n de la educaci\u00f3n temprana con el\u2026","rel":"","context":"En \u00abEducaci\u00f3n\/Sociedad\u00bb","block_context":{"text":"Educaci\u00f3n\/Sociedad","link":"http:\/\/ccnews.com.ar\/prensa\/category\/educacion-sociedad\/"},"img":{"alt_text":"","src":"https:\/\/i0.wp.com\/ccnews.com.ar\/prensa\/wp-content\/uploads\/2018\/10\/1540229575_026139_1540229924_noticia_normal_recorte1.jpg?fit=1200%2C541&resize=350%2C200","width":350,"height":200,"srcset":"https:\/\/i0.wp.com\/ccnews.com.ar\/prensa\/wp-content\/uploads\/2018\/10\/1540229575_026139_1540229924_noticia_normal_recorte1.jpg?fit=1200%2C541&resize=350%2C200 1x, https:\/\/i0.wp.com\/ccnews.com.ar\/prensa\/wp-content\/uploads\/2018\/10\/1540229575_026139_1540229924_noticia_normal_recorte1.jpg?fit=1200%2C541&resize=525%2C300 1,5x, https:\/\/i0.wp.com\/ccnews.com.ar\/prensa\/wp-content\/uploads\/2018\/10\/1540229575_026139_1540229924_noticia_normal_recorte1.jpg?fit=1200%2C541&resize=700%2C400 2x, https:\/\/i0.wp.com\/ccnews.com.ar\/prensa\/wp-content\/uploads\/2018\/10\/1540229575_026139_1540229924_noticia_normal_recorte1.jpg?fit=1200%2C541&resize=1050%2C600 3x"},"classes":[]}],"jetpack_sharing_enabled":true,"_links":{"self":[{"href":"http:\/\/ccnews.com.ar\/prensa\/wp-json\/wp\/v2\/posts\/9967","targetHints":{"allow":["GET"]}}],"collection":[{"href":"http:\/\/ccnews.com.ar\/prensa\/wp-json\/wp\/v2\/posts"}],"about":[{"href":"http:\/\/ccnews.com.ar\/prensa\/wp-json\/wp\/v2\/types\/post"}],"author":[{"embeddable":true,"href":"http:\/\/ccnews.com.ar\/prensa\/wp-json\/wp\/v2\/users\/2"}],"replies":[{"embeddable":true,"href":"http:\/\/ccnews.com.ar\/prensa\/wp-json\/wp\/v2\/comments?post=9967"}],"version-history":[{"count":1,"href":"http:\/\/ccnews.com.ar\/prensa\/wp-json\/wp\/v2\/posts\/9967\/revisions"}],"predecessor-version":[{"id":9971,"href":"http:\/\/ccnews.com.ar\/prensa\/wp-json\/wp\/v2\/posts\/9967\/revisions\/9971"}],"wp:featuredmedia":[{"embeddable":true,"href":"http:\/\/ccnews.com.ar\/prensa\/wp-json\/wp\/v2\/media\/9969"}],"wp:attachment":[{"href":"http:\/\/ccnews.com.ar\/prensa\/wp-json\/wp\/v2\/media?parent=9967"}],"wp:term":[{"taxonomy":"category","embeddable":true,"href":"http:\/\/ccnews.com.ar\/prensa\/wp-json\/wp\/v2\/categories?post=9967"},{"taxonomy":"post_tag","embeddable":true,"href":"http:\/\/ccnews.com.ar\/prensa\/wp-json\/wp\/v2\/tags?post=9967"}],"curies":[{"name":"wp","href":"https:\/\/api.w.org\/{rel}","templated":true}]}}